{"id":5808,"date":"2022-07-17T23:50:10","date_gmt":"2022-07-17T23:50:10","guid":{"rendered":"https:\/\/historieta.cl\/?p=5808"},"modified":"2025-01-08T02:45:33","modified_gmt":"2025-01-08T02:45:33","slug":"el-canal-de-youtube-del-salon-internacional-de-la-historieta-un-tesoro-audiovisual-de-la-narrativa-grafica-chilena-2","status":"publish","type":"post","link":"https:\/\/huvuz.com\/historieta\/el-canal-de-youtube-del-salon-internacional-de-la-historieta-un-tesoro-audiovisual-de-la-narrativa-grafica-chilena-2\/","title":{"rendered":"El Canal de YouTube del Sal\u00f3n Internacional de la Historieta: Un Tesoro Audiovisual de la Narrativa Gr\u00e1fica Chilena"},"content":{"rendered":"\t\t<div data-elementor-type=\"wp-post\" data-elementor-id=\"5808\" class=\"elementor elementor-5808\">\n\t\t\t\t\t\t<section class=\"elementor-section elementor-top-section elementor-element elementor-element-d7b5439 elementor-section-boxed elementor-section-height-default elementor-section-height-default wd-section-disabled\" data-id=\"d7b5439\" data-element_type=\"section\" data-e-type=\"section\">\n\t\t\t\t\t\t<div class=\"elementor-container elementor-column-gap-default\">\n\t\t\t\t\t<div class=\"elementor-column elementor-col-100 elementor-top-column elementor-element elementor-element-a77e137\" data-id=\"a77e137\" data-element_type=\"column\" data-e-type=\"column\">\n\t\t\t<div class=\"elementor-widget-wrap elementor-element-populated\">\n\t\t\t\t\t\t<div class=\"elementor-element elementor-element-b427951 elementor-widget elementor-widget-heading\" data-id=\"b427951\" data-element_type=\"widget\" data-e-type=\"widget\" data-widget_type=\"heading.default\">\n\t\t\t\t<div class=\"elementor-widget-container\">\n\t\t\t\t\t<h2 class=\"elementor-heading-title elementor-size-default\">El Canal de YouTube del Sal\u00f3n Internacional de la Historieta: Un Tesoro Audiovisual de la Narrativa Gr\u00e1fica Chilena<\/h2>\t\t\t\t<\/div>\n\t\t\t\t<\/div>\n\t\t\t\t\t<\/div>\n\t\t<\/div>\n\t\t\t\t\t<\/div>\n\t\t<\/section>\n\t\t\t\t<section class=\"elementor-section elementor-top-section elementor-element elementor-element-3a2b6d94 elementor-section-boxed elementor-section-height-default elementor-section-height-default wd-section-disabled\" data-id=\"3a2b6d94\" data-element_type=\"section\" data-e-type=\"section\">\n\t\t\t\t\t\t<div class=\"elementor-container elementor-column-gap-default\">\n\t\t\t\t\t<div class=\"elementor-column elementor-col-100 elementor-top-column elementor-element elementor-element-bd4b46c\" data-id=\"bd4b46c\" data-element_type=\"column\" data-e-type=\"column\">\n\t\t\t<div class=\"elementor-widget-wrap elementor-element-populated\">\n\t\t\t\t\t\t<div class=\"elementor-element elementor-element-7dbbb140 color-scheme-inherit text-left elementor-widget elementor-widget-text-editor\" data-id=\"7dbbb140\" data-element_type=\"widget\" data-e-type=\"widget\" data-widget_type=\"text-editor.default\">\n\t\t\t\t<div class=\"elementor-widget-container\">\n\t\t\t\t\t\t\t\t\t\n<p>San Pedro de La Paz, 28 de noviembre 2022 &#8211; El Sal\u00f3n Internacional de la Historieta, el evento anual que re\u00fane a los talentos m\u00e1s destacados de la narrativa gr\u00e1fica chilena, ha creado un tesoro audiovisual a trav\u00e9s de su canal de YouTube. Con m\u00e1s de 100 videos disponibles, el canal recopila las fascinantes actividades realizadas durante los \u00faltimos 3 a\u00f1os, proporcionando una ventana a la vibrante escena de la historieta en Chile.<\/p>\n<p>\u00a0<\/p>\n<p>Los videos m\u00e1s recientes, provenientes de la \u00faltima edici\u00f3n del Sal\u00f3n Internacional de la Historieta, ofrecen una visi\u00f3n enriquecedora y diversa del mundo de los c\u00f3mics en el pa\u00eds. Entre ellos se encuentran los siguientes t\u00edtulos destacados:<\/p>\n<p>\u00a0<\/p>\n<p>Dilemas Morales de Dibujantes: Especial en vivo del podcast dirigido por Claudio Mu\u00f1oz y Diego Toro, con el invitado Alan Robinson.<\/p>\n<p>\u00a0<\/p>\n<p>Historieta en la Sala de Clases: El guionista Sebasti\u00e1n Castro nos cuenta c\u00f3mo la historieta se ha convertido en una valiosa herramienta educativa en las aulas chilenas, estimulando la creatividad y el amor por la lectura entre los estudiantes.<\/p>\n<p>\u00a0<\/p>\n<p>Nuevos Superh\u00e9roes en Chile: Francisco Inostroza (co-creador de El Brujo) y Sebasti\u00e1n Castro (Acceso, Bichos Raros, Guardianes del Sur) nos sumergen en el fascinante mundo de los superh\u00e9roes chilenos y hablan de los talentosos creadores que est\u00e1n dando vida a estos personajes \u00fanicos y representativos de la cultura local.<\/p>\n<p>\u00a0<\/p>\n<p>Historieta de Autor y el Desaf\u00edo de Autoeditarse: Rodrigo Lopez (Romeo y Julieta, Yo mat\u00e9 a Ralph) explora el camino de los artistas de historietas independientes en Chile, su proceso creativo junto a\u00a0 las dificultades y ventajas de autoeditarse en un mercado en constante evoluci\u00f3n.<\/p>\n<p>\u00a0<\/p>\n<p>Narrativa Gr\u00e1fica de Terror en Chile: Ad\u00e9ntrate en el oscuro y misterioso mundo de la narrativa gr\u00e1fica de terror chilena junto a Gonzalo Oyanedel (El Viudo) y Miguel Ferrada (Mortis Eterno Retorno), descubriendo c\u00f3mo los autores locales logran generar escalofr\u00edos y contar historias impactantes a trav\u00e9s del c\u00f3mic.<\/p>\n<p>\u00a0<\/p>\n<p>Trabajando para Marvel y DC Comics: Conoce las experiencias de Alan Robinson (Marvel) y Nicolas Bascu\u00f1\u00e1n (DC Comics) que han logrado abrirse camino en la industria del c\u00f3mic internacional, trabajando en proyectos para reconocidas editoriales Norteamericanas.<\/p>\n<p>\u00a0<\/p>\n<p>Estos videos, entre muchos otros disponibles en el canal, ofrecen una oportunidad \u00fanica para sumergirse en la cultura de la historieta en Chile y apreciar el talento local en su m\u00e1ximo esplendor.<\/p>\n<p>\u00a0<\/p>\n<p><a href=\"https:\/\/www.youtube.com\/@Historietacl\/videos\">https:\/\/www.youtube.com\/@Historietacl\/videos<\/a><\/p>\n<div class=\"wp-block-columns\"><\/div>\t\t\t\t\t\t\t\t<\/div>\n\t\t\t\t<\/div>\n\t\t\t\t\t<\/div>\n\t\t<\/div>\n\t\t\t\t\t<\/div>\n\t\t<\/section>\n\t\t\t\t<\/div>\n\t\t","protected":false},"excerpt":{"rendered":"<p>El Canal de YouTube del Sal\u00f3n Internacional de la Historieta: Un Tesoro Audiovisual de la Narrativa Gr\u00e1fica Chilena San Pedro<\/p>\n","protected":false},"author":1,"featured_media":5809,"comment_status":"closed","ping_status":"closed","sticky":false,"template":"","format":"standard","meta":{"footnotes":""},"categories":[1],"tags":[],"class_list":["post-5808","post","type-post","status-publish","format-standard","has-post-thumbnail","hentry","category-noticias"],"_links":{"self":[{"href":"https:\/\/huvuz.com\/historieta\/wp-json\/wp\/v2\/posts\/5808","targetHints":{"allow":["GET"]}}],"collection":[{"href":"https:\/\/huvuz.com\/historieta\/wp-json\/wp\/v2\/posts"}],"about":[{"href":"https:\/\/huvuz.com\/historieta\/wp-json\/wp\/v2\/types\/post"}],"author":[{"embeddable":true,"href":"https:\/\/huvuz.com\/historieta\/wp-json\/wp\/v2\/users\/1"}],"replies":[{"embeddable":true,"href":"https:\/\/huvuz.com\/historieta\/wp-json\/wp\/v2\/comments?post=5808"}],"version-history":[{"count":1,"href":"https:\/\/huvuz.com\/historieta\/wp-json\/wp\/v2\/posts\/5808\/revisions"}],"predecessor-version":[{"id":16357,"href":"https:\/\/huvuz.com\/historieta\/wp-json\/wp\/v2\/posts\/5808\/revisions\/16357"}],"wp:featuredmedia":[{"embeddable":true,"href":"https:\/\/huvuz.com\/historieta\/wp-json\/wp\/v2\/media\/5809"}],"wp:attachment":[{"href":"https:\/\/huvuz.com\/historieta\/wp-json\/wp\/v2\/media?parent=5808"}],"wp:term":[{"taxonomy":"category","embeddable":true,"href":"https:\/\/huvuz.com\/historieta\/wp-json\/wp\/v2\/categories?post=5808"},{"taxonomy":"post_tag","embeddable":true,"href":"https:\/\/huvuz.com\/historieta\/wp-json\/wp\/v2\/tags?post=5808"}],"curies":[{"name":"wp","href":"https:\/\/api.w.org\/{rel}","templated":true}]}}