{"id":5231,"date":"2021-11-29T09:39:11","date_gmt":"2021-11-29T13:39:11","guid":{"rendered":"https:\/\/historieta.cl\/?p=5231"},"modified":"2025-01-08T02:46:01","modified_gmt":"2025-01-08T02:46:01","slug":"con-balance-positivo-y-reconocimiento-a-creadores-nacionales-finalizo-el-salon-internacional-de-la-historieta-2021","status":"publish","type":"post","link":"https:\/\/huvuz.com\/historieta\/con-balance-positivo-y-reconocimiento-a-creadores-nacionales-finalizo-el-salon-internacional-de-la-historieta-2021\/","title":{"rendered":"Con balance positivo y reconocimiento a creadores nacionales finaliz\u00f3 el Sal\u00f3n Internacional de la Historieta 2021"},"content":{"rendered":"\t\t<div data-elementor-type=\"wp-post\" data-elementor-id=\"5231\" class=\"elementor elementor-5231\">\n\t\t\t\t\t\t<section class=\"elementor-section elementor-top-section elementor-element elementor-element-4166477 elementor-section-boxed elementor-section-height-default elementor-section-height-default wd-section-disabled\" data-id=\"4166477\" data-element_type=\"section\" data-e-type=\"section\">\n\t\t\t\t\t\t<div class=\"elementor-container elementor-column-gap-default\">\n\t\t\t\t\t<div class=\"elementor-column elementor-col-100 elementor-top-column elementor-element elementor-element-a75d512\" data-id=\"a75d512\" data-element_type=\"column\" data-e-type=\"column\">\n\t\t\t<div class=\"elementor-widget-wrap elementor-element-populated\">\n\t\t\t\t\t\t<div class=\"elementor-element elementor-element-e4e4080 elementor-widget elementor-widget-heading\" data-id=\"e4e4080\" data-element_type=\"widget\" data-e-type=\"widget\" data-widget_type=\"heading.default\">\n\t\t\t\t<div class=\"elementor-widget-container\">\n\t\t\t\t\t<h2 class=\"elementor-heading-title elementor-size-default\">Con balance positivo y reconocimiento a creadores nacionales finaliz\u00f3 el Sal\u00f3n Internacional de la Historieta 2021<\/h2>\t\t\t\t<\/div>\n\t\t\t\t<\/div>\n\t\t\t\t\t<\/div>\n\t\t<\/div>\n\t\t\t\t\t<\/div>\n\t\t<\/section>\n\t\t\t\t<section class=\"elementor-section elementor-top-section elementor-element elementor-element-854d978 elementor-section-boxed elementor-section-height-default elementor-section-height-default wd-section-disabled\" data-id=\"854d978\" data-element_type=\"section\" data-e-type=\"section\">\n\t\t\t\t\t\t<div class=\"elementor-container elementor-column-gap-default\">\n\t\t\t\t\t<div class=\"elementor-column elementor-col-100 elementor-top-column elementor-element elementor-element-0d64c0d\" data-id=\"0d64c0d\" data-element_type=\"column\" data-e-type=\"column\">\n\t\t\t<div class=\"elementor-widget-wrap elementor-element-populated\">\n\t\t\t\t\t\t<div class=\"elementor-element elementor-element-25da9b5 elementor-widget elementor-widget-image\" data-id=\"25da9b5\" data-element_type=\"widget\" data-e-type=\"widget\" data-widget_type=\"image.default\">\n\t\t\t\t<div class=\"elementor-widget-container\">\n\t\t\t\t\t\t\t\t\t\t\t\t\t\t\t<img fetchpriority=\"high\" decoding=\"async\" width=\"768\" height=\"300\" src=\"https:\/\/huvuz.com\/historieta\/wp-content\/uploads\/2021\/11\/premios.jpg\" class=\"attachment-large size-large wp-image-5236\" alt=\"\" srcset=\"https:\/\/huvuz.com\/historieta\/wp-content\/uploads\/2021\/11\/premios.jpg 768w, https:\/\/huvuz.com\/historieta\/wp-content\/uploads\/2021\/11\/premios-400x156.jpg 400w, https:\/\/huvuz.com\/historieta\/wp-content\/uploads\/2021\/11\/premios-430x168.jpg 430w, https:\/\/huvuz.com\/historieta\/wp-content\/uploads\/2021\/11\/premios-700x273.jpg 700w, https:\/\/huvuz.com\/historieta\/wp-content\/uploads\/2021\/11\/premios-150x59.jpg 150w\" sizes=\"(max-width: 768px) 100vw, 768px\" \/>\t\t\t\t\t\t\t\t\t\t\t\t\t\t\t<\/div>\n\t\t\t\t<\/div>\n\t\t\t\t\t<\/div>\n\t\t<\/div>\n\t\t\t\t\t<\/div>\n\t\t<\/section>\n\t\t\t\t<section class=\"elementor-section elementor-top-section elementor-element elementor-element-2390c12 elementor-section-boxed elementor-section-height-default elementor-section-height-default wd-section-disabled\" data-id=\"2390c12\" data-element_type=\"section\" data-e-type=\"section\">\n\t\t\t\t\t\t<div class=\"elementor-container elementor-column-gap-default\">\n\t\t\t\t\t<div class=\"elementor-column elementor-col-100 elementor-top-column elementor-element elementor-element-75cf431\" data-id=\"75cf431\" data-element_type=\"column\" data-e-type=\"column\">\n\t\t\t<div class=\"elementor-widget-wrap elementor-element-populated\">\n\t\t\t\t\t\t<div class=\"elementor-element elementor-element-03b6c4a color-scheme-inherit text-left elementor-widget elementor-widget-text-editor\" data-id=\"03b6c4a\" data-element_type=\"widget\" data-e-type=\"widget\" data-widget_type=\"text-editor.default\">\n\t\t\t\t<div class=\"elementor-widget-container\">\n\t\t\t\t\t\t\t\t\t<p><strong><i>\u201cCaf\u00e9 amargo 5\u201d fue elegida la mejor obra del a\u00f1o seg\u00fan la votaci\u00f3n de profesionales del rubro. Conozca a los ganadores en las 8 categor\u00edas.<\/i><\/strong><\/p><p>\u00a0<\/p><p><span style=\"font-weight: 400;\">Con diversidad de talleres y charlas, un buen balance de ventas de su feria, ambiente de camarader\u00eda y respeto a todas las medidas sanitarias se realiz\u00f3 desde el 25 al 27 de noviembre el Sal\u00f3n Internacional de la Historieta en la Biblioteca de la Paz. El broche de oro fue la entrega de los premios Pepo a lo mejor del rubro del pa\u00eds, en una ceremonia conducida por el especialista en comics y conductor de CCP Radio, Felipe Cavieres, y que fue transmitida a todo el pa\u00eds y el extranjero a trav\u00e9s de las redes sociales del evento.<\/span><\/p><p><span style=\"font-weight: 400;\">\u201cNuestro balance es muy positivo. Tuvimos una excelente respuesta tanto de los expositores e invitados como del p\u00fablico, especialmente de quienes llegaron en familia a disfrutar de las actividades. Agradecemos a todos quienes hicieron posible el \u00e9xito del Sal\u00f3n, a las editoriales, la prensa, a la carrera de Dise\u00f1o de la Universidad Santo Tom\u00e1s, a los profesionales del \u00e1rea t\u00e9cnica, y muy especialmente al equipo de la Biblioteca P\u00fablica de San Pedro de la Paz, quienes nos abrieron sus puertas y facilitaron una infraestructura de primer nivel\u201d, sostuvo el productor y director del evento, Francisco Inostroza.<\/span><\/p><p><span style=\"font-weight: 400;\">Vale destacar que los premios Pepo son elegidos por profesionales del rubro a nivel nacional. Los ganadores participaron de manera online en la ceremonia de premiaci\u00f3n y todos ellos agradecieron el aporte del Sal\u00f3n a la consolidaci\u00f3n de la narrativa gr\u00e1fica y su notable crecimiento en los \u00faltimos a\u00f1os pese a las dificultades que ha generado la pandemia en el mundo cultural.<\/span><\/p><p><span style=\"font-weight: 400;\">A continuaci\u00f3n, anunciamos a los ganadores de los premios Pepo 2021 en sus distintas categor\u00edas:<\/span><\/p><p>\u00a0<\/p><p><strong>MEJOR GUIONISTA<\/strong><\/p><p><span style=\"font-weight: 400;\">Carlos Reyes por \u201cNosotros los selknam\u201d<\/span><\/p><p><strong>MEJOR DIBUJANTE<\/strong><\/p><p><span style=\"font-weight: 400;\">Diego Z\u00fa\u00f1iga Mill\u00e1n por \u201cWitranant\u00fc &#8211; Las Guerras del Sol Muerto\u201d<\/span><\/p><p><strong>MEJOR COLORISTA<\/strong><\/p><p><span style=\"font-weight: 400;\">Kote Carvajal por \u201cInmuno C\u00f3mics \u2013 Covid\u201d<\/span><\/p><p><strong>MEJOR ENTINTADOR<\/strong><\/p><p><span style=\"font-weight: 400;\">Yaritza Aguilera por \u201cAcid Rain: Endless\u201d<\/span><\/p><p><strong>MEJOR ROTULISTA<\/strong><\/p><p><span style=\"font-weight: 400;\">Cristian Docolomansky por \u201cInmuno C\u00f3mics \u2013 Covid\u201d<\/span><\/p><p><strong>MEJOR FANZINE<\/strong><\/p><p><span style=\"font-weight: 400;\">\u201cLaurel de Oro: La Jardinera\u201d de Saraly Guti\u00e9rrez<\/span><\/p><p><strong>MEJOR COMIC DIGITAL<\/strong><\/p><p><span style=\"font-weight: 400;\">\u201cArcagen\u201d. Diego &#8220;Novanim&#8221; Zu\u00f1iga<\/span><\/p><p><strong>MEJOR HISTORIETA<\/strong><\/p><p><span style=\"font-weight: 400;\">\u00a0\u201cCaf\u00e9 Amargo 5\u201d de P\u00eda Prado.\u00a0<\/span><\/p><p>\u00a0<\/p><p><span style=\"font-weight: 400;\">Vale destacar que el Sal\u00f3n Internacional de la Historieta del Biob\u00edo es un evento organizado por Bewell Media, la Cooperativa de Narrativa Gr\u00e1fica Chilena y Gutter.cl con aportes del Fondo del Libro del Ministerio de las Culturas, las Artes y el Patrimonio.<\/span><\/p><p><span style=\"font-weight: 400;\">Para ver la ceremonia de premiaci\u00f3n con cu\u00f1as de los invitados y galardonados accede al siguiente link.<\/span><\/p><p><iframe title=\"D\u00eda 3 (Presencial) del Sal\u00f3n Internacional de la Historieta \/\/ Ceremonia Premios Pepo\" width=\"500\" height=\"281\" src=\"https:\/\/www.youtube.com\/embed\/d1tS_oGgxQY?feature=oembed\" frameborder=\"0\" allow=\"accelerometer; autoplay; clipboard-write; encrypted-media; gyroscope; picture-in-picture; web-share\" referrerpolicy=\"strict-origin-when-cross-origin\" allowfullscreen><\/iframe><\/p>\t\t\t\t\t\t\t\t<\/div>\n\t\t\t\t<\/div>\n\t\t\t\t\t<\/div>\n\t\t<\/div>\n\t\t\t\t\t<\/div>\n\t\t<\/section>\n\t\t\t\t<\/div>\n\t\t","protected":false},"excerpt":{"rendered":"<p>Con balance positivo y reconocimiento a creadores nacionales finaliz\u00f3 el Sal\u00f3n Internacional de la Historieta 2021 \u201cCaf\u00e9 amargo 5\u201d fue<\/p>\n","protected":false},"author":1,"featured_media":5236,"comment_status":"closed","ping_status":"closed","sticky":false,"template":"","format":"standard","meta":{"footnotes":""},"categories":[1],"tags":[148],"class_list":["post-5231","post","type-post","status-publish","format-standard","has-post-thumbnail","hentry","category-noticias","tag-comic-chileno"],"_links":{"self":[{"href":"https:\/\/huvuz.com\/historieta\/wp-json\/wp\/v2\/posts\/5231","targetHints":{"allow":["GET"]}}],"collection":[{"href":"https:\/\/huvuz.com\/historieta\/wp-json\/wp\/v2\/posts"}],"about":[{"href":"https:\/\/huvuz.com\/historieta\/wp-json\/wp\/v2\/types\/post"}],"author":[{"embeddable":true,"href":"https:\/\/huvuz.com\/historieta\/wp-json\/wp\/v2\/users\/1"}],"replies":[{"embeddable":true,"href":"https:\/\/huvuz.com\/historieta\/wp-json\/wp\/v2\/comments?post=5231"}],"version-history":[{"count":1,"href":"https:\/\/huvuz.com\/historieta\/wp-json\/wp\/v2\/posts\/5231\/revisions"}],"predecessor-version":[{"id":16358,"href":"https:\/\/huvuz.com\/historieta\/wp-json\/wp\/v2\/posts\/5231\/revisions\/16358"}],"wp:featuredmedia":[{"embeddable":true,"href":"https:\/\/huvuz.com\/historieta\/wp-json\/wp\/v2\/media\/5236"}],"wp:attachment":[{"href":"https:\/\/huvuz.com\/historieta\/wp-json\/wp\/v2\/media?parent=5231"}],"wp:term":[{"taxonomy":"category","embeddable":true,"href":"https:\/\/huvuz.com\/historieta\/wp-json\/wp\/v2\/categories?post=5231"},{"taxonomy":"post_tag","embeddable":true,"href":"https:\/\/huvuz.com\/historieta\/wp-json\/wp\/v2\/tags?post=5231"}],"curies":[{"name":"wp","href":"https:\/\/api.w.org\/{rel}","templated":true}]}}