{"id":5084,"date":"2021-11-10T11:55:06","date_gmt":"2021-11-10T15:55:06","guid":{"rendered":"https:\/\/historieta.cl\/?p=5084"},"modified":"2025-01-08T02:47:53","modified_gmt":"2025-01-08T02:47:53","slug":"todo-un-exito-la-1era-jornada-online-del-salon-de-la-historieta-2021","status":"publish","type":"post","link":"https:\/\/huvuz.com\/historieta\/todo-un-exito-la-1era-jornada-online-del-salon-de-la-historieta-2021\/","title":{"rendered":"Todo un \u00e9xito la 1era jornada online del Sal\u00f3n de la Historieta 2021"},"content":{"rendered":"\t\t<div data-elementor-type=\"wp-post\" data-elementor-id=\"5084\" class=\"elementor elementor-5084\">\n\t\t\t\t\t\t<section class=\"elementor-section elementor-top-section elementor-element elementor-element-4166477 elementor-section-boxed elementor-section-height-default elementor-section-height-default wd-section-disabled\" data-id=\"4166477\" data-element_type=\"section\" data-e-type=\"section\">\n\t\t\t\t\t\t<div class=\"elementor-container elementor-column-gap-default\">\n\t\t\t\t\t<div class=\"elementor-column elementor-col-100 elementor-top-column elementor-element elementor-element-a75d512\" data-id=\"a75d512\" data-element_type=\"column\" data-e-type=\"column\">\n\t\t\t<div class=\"elementor-widget-wrap elementor-element-populated\">\n\t\t\t\t\t\t<div class=\"elementor-element elementor-element-e4e4080 elementor-widget elementor-widget-heading\" data-id=\"e4e4080\" data-element_type=\"widget\" data-e-type=\"widget\" data-widget_type=\"heading.default\">\n\t\t\t\t<div class=\"elementor-widget-container\">\n\t\t\t\t\t<h2 class=\"elementor-heading-title elementor-size-default\">Todo un \u00e9xito la 1era jornada online del Sal\u00f3n de la Historieta 2021<\/h2>\t\t\t\t<\/div>\n\t\t\t\t<\/div>\n\t\t\t\t\t<\/div>\n\t\t<\/div>\n\t\t\t\t\t<\/div>\n\t\t<\/section>\n\t\t\t\t<section class=\"elementor-section elementor-top-section elementor-element elementor-element-854d978 elementor-section-boxed elementor-section-height-default elementor-section-height-default wd-section-disabled\" data-id=\"854d978\" data-element_type=\"section\" data-e-type=\"section\">\n\t\t\t\t\t\t<div class=\"elementor-container elementor-column-gap-default\">\n\t\t\t\t\t<div class=\"elementor-column elementor-col-100 elementor-top-column elementor-element elementor-element-0d64c0d\" data-id=\"0d64c0d\" data-element_type=\"column\" data-e-type=\"column\">\n\t\t\t<div class=\"elementor-widget-wrap elementor-element-populated\">\n\t\t\t\t\t\t<div class=\"elementor-element elementor-element-25da9b5 elementor-widget elementor-widget-image\" data-id=\"25da9b5\" data-element_type=\"widget\" data-e-type=\"widget\" data-widget_type=\"image.default\">\n\t\t\t\t<div class=\"elementor-widget-container\">\n\t\t\t\t\t\t\t\t\t\t\t\t\t\t\t<img fetchpriority=\"high\" decoding=\"async\" width=\"768\" height=\"300\" src=\"https:\/\/huvuz.com\/historieta\/wp-content\/uploads\/2021\/11\/06.jpg\" class=\"attachment-large size-large wp-image-5086\" alt=\"\" srcset=\"https:\/\/huvuz.com\/historieta\/wp-content\/uploads\/2021\/11\/06.jpg 768w, https:\/\/huvuz.com\/historieta\/wp-content\/uploads\/2021\/11\/06-400x156.jpg 400w, https:\/\/huvuz.com\/historieta\/wp-content\/uploads\/2021\/11\/06-430x168.jpg 430w, https:\/\/huvuz.com\/historieta\/wp-content\/uploads\/2021\/11\/06-700x273.jpg 700w, https:\/\/huvuz.com\/historieta\/wp-content\/uploads\/2021\/11\/06-150x59.jpg 150w\" sizes=\"(max-width: 768px) 100vw, 768px\" \/>\t\t\t\t\t\t\t\t\t\t\t\t\t\t\t<\/div>\n\t\t\t\t<\/div>\n\t\t\t\t\t<\/div>\n\t\t<\/div>\n\t\t\t\t\t<\/div>\n\t\t<\/section>\n\t\t\t\t<section class=\"elementor-section elementor-top-section elementor-element elementor-element-2390c12 elementor-section-boxed elementor-section-height-default elementor-section-height-default wd-section-disabled\" data-id=\"2390c12\" data-element_type=\"section\" data-e-type=\"section\">\n\t\t\t\t\t\t<div class=\"elementor-container elementor-column-gap-default\">\n\t\t\t\t\t<div class=\"elementor-column elementor-col-100 elementor-top-column elementor-element elementor-element-75cf431\" data-id=\"75cf431\" data-element_type=\"column\" data-e-type=\"column\">\n\t\t\t<div class=\"elementor-widget-wrap elementor-element-populated\">\n\t\t\t\t\t\t<div class=\"elementor-element elementor-element-03b6c4a color-scheme-inherit text-left elementor-widget elementor-widget-text-editor\" data-id=\"03b6c4a\" data-element_type=\"widget\" data-e-type=\"widget\" data-widget_type=\"text-editor.default\">\n\t\t\t\t<div class=\"elementor-widget-container\">\n\t\t\t\t\t\t\t\t\t<p>Partimos con todo celebrando el<strong> \u201cMes de la Historieta\u201d<\/strong> a trav\u00e9s de nuestro canal de <a href=\"https:\/\/www.youtube.com\/channel\/UCgJPq8wHaGll_mBdayVhn9w\" target=\"_blank\" rel=\"noopener\">YouTube<\/a>.<\/p><p>El jueves reci\u00e9n pasado liberamos una entrevista que <strong>Luis Saavedra<\/strong> le hizo al guionista y escritor <strong>Francisco Ortega<\/strong> junto al dibujante <strong>F\u00e9lix Vega<\/strong> por su novela gr\u00e1fica <strong>Los fantasmas de Pinochet<\/strong>.<\/p><p><iframe title=\"Los fantasmas de P\u00efnochet \/ Francisco Ortega - F\u00e9lix Vega\" width=\"500\" height=\"281\" src=\"https:\/\/www.youtube.com\/embed\/A9JL030pX70?feature=oembed\" frameborder=\"0\" allow=\"accelerometer; autoplay; clipboard-write; encrypted-media; gyroscope; picture-in-picture; web-share\" referrerpolicy=\"strict-origin-when-cross-origin\" allowfullscreen><\/iframe><\/p><p>El s\u00e1bado tuvimos una jornada marat\u00f3nica, que tambi\u00e9n conto con el talento de <strong>Luis Saavedra<\/strong> como anfitri\u00f3n en las cuales participaron:<br \/><strong>Daniela Thiers<\/strong> con su \u00faltimo libro de <strong>Alegr\u00eda y Sof\u00eda: Kaos<\/strong>.<\/p><p><iframe title=\"Presentaci\u00f3n Alegr\u00eda y Sof\u00eda Kaos | Daniela Thiers\" width=\"500\" height=\"281\" src=\"https:\/\/www.youtube.com\/embed\/w23Yf6Qepq0?feature=oembed\" frameborder=\"0\" allow=\"accelerometer; autoplay; clipboard-write; encrypted-media; gyroscope; picture-in-picture; web-share\" referrerpolicy=\"strict-origin-when-cross-origin\" allowfullscreen><\/iframe><\/p><p><br \/><strong>Mathias Maciel<\/strong> hablando de la historieta en <strong>Paraguay<\/strong> y de <strong>Zet Studios<\/strong>.<\/p><p><iframe title=\"ZetStudios y la historieta en Paraguay con Mathias Maciel.\" width=\"500\" height=\"281\" src=\"https:\/\/www.youtube.com\/embed\/6HyUxoHzw00?feature=oembed\" frameborder=\"0\" allow=\"accelerometer; autoplay; clipboard-write; encrypted-media; gyroscope; picture-in-picture; web-share\" referrerpolicy=\"strict-origin-when-cross-origin\" allowfullscreen><\/iframe><\/p><p><br \/><strong>Familia Usaka<\/strong> desde <strong>M\u00e9xico<\/strong> con sus novedades editoriales para este a\u00f1o.<\/p><p><iframe title=\"Novedades editoriales Familia Usaka (M\u00e9xico).\" width=\"500\" height=\"281\" src=\"https:\/\/www.youtube.com\/embed\/w0klAIYKg3U?feature=oembed\" frameborder=\"0\" allow=\"accelerometer; autoplay; clipboard-write; encrypted-media; gyroscope; picture-in-picture; web-share\" referrerpolicy=\"strict-origin-when-cross-origin\" allowfullscreen><\/iframe><\/p><p><br \/>Esta semana tendremos:<br \/>El d\u00eda jueves a<strong> Luis Saavedra<\/strong> habla con <strong>Diego \u201cNovanim\u201d Z\u00fa\u00f1iga<\/strong> acerca de su novela gr\u00e1fica <strong>Witranant\u00fc<\/strong>.<\/p><p><iframe title=\"Witranant\u00fc \/ Diego Zu\u00f1iga\" width=\"500\" height=\"281\" src=\"https:\/\/www.youtube.com\/embed\/pn3lrpFWTA8?feature=oembed\" frameborder=\"0\" allow=\"accelerometer; autoplay; clipboard-write; encrypted-media; gyroscope; picture-in-picture; web-share\" referrerpolicy=\"strict-origin-when-cross-origin\" allowfullscreen><\/iframe><\/p><p><br \/>El d\u00eda s\u00e1bado tendremos a:<\/p><p>11.00 <strong>Ariel Vald\u00e9s<\/strong> hablara con la <strong>editorial Resistencia<\/strong> acerca del panorama de la historieta en M\u00e9xico.<\/p><p><iframe title=\"Mesa Redonda Internacional &quot;Estado del comic en M\u00e9xico&quot;\" width=\"500\" height=\"281\" src=\"https:\/\/www.youtube.com\/embed\/40E8h1RpyYs?feature=oembed\" frameborder=\"0\" allow=\"accelerometer; autoplay; clipboard-write; encrypted-media; gyroscope; picture-in-picture; web-share\" referrerpolicy=\"strict-origin-when-cross-origin\" allowfullscreen><\/iframe><\/p><p>16.00<strong> German Valenzuela<\/strong> dirige una mesa redonda de difusi\u00f3n de historieta con <strong>Bruno Pino, Eduardo Ferreira, Fernando G\u00e1lvez, Juan Carlos Arias y Vicho Arias.<\/strong><\/p><p><iframe title=\"Mesa Redonda &quot;Difusi\u00f3n de la historieta en Chile&quot;.\" width=\"500\" height=\"281\" src=\"https:\/\/www.youtube.com\/embed\/nt_lEGdQTfM?feature=oembed\" frameborder=\"0\" allow=\"accelerometer; autoplay; clipboard-write; encrypted-media; gyroscope; picture-in-picture; web-share\" referrerpolicy=\"strict-origin-when-cross-origin\" allowfullscreen><\/iframe><\/p><p><br \/>19.00 <strong>German Valenzuela, Carlos Reyes y Augusto Mora<\/strong> conversan acerca de la realidad de las vi\u00f1etas desde M\u00e9xico hasta Chile.<\/p><p><iframe title=\"Contando la realidad en vi\u00f1etas desde Chile hasta M\u00e9xico.\" width=\"500\" height=\"281\" src=\"https:\/\/www.youtube.com\/embed\/jibRICRtEUs?feature=oembed\" frameborder=\"0\" allow=\"accelerometer; autoplay; clipboard-write; encrypted-media; gyroscope; picture-in-picture; web-share\" referrerpolicy=\"strict-origin-when-cross-origin\" allowfullscreen><\/iframe><\/p><p><br \/><em><strong>Recuerden suscribirse a nuestras redes sociales y darle \u201crecordatorio\u201d a los videos para que les avisen cuando est\u00e9n en l\u00ednea.<\/strong><\/em><\/p>\t\t\t\t\t\t\t\t<\/div>\n\t\t\t\t<\/div>\n\t\t\t\t\t<\/div>\n\t\t<\/div>\n\t\t\t\t\t<\/div>\n\t\t<\/section>\n\t\t\t\t<\/div>\n\t\t","protected":false},"excerpt":{"rendered":"<p>Todo un \u00e9xito la 1era jornada online del Sal\u00f3n de la Historieta 2021 Partimos con todo celebrando el \u201cMes de<\/p>\n","protected":false},"author":1,"featured_media":5086,"comment_status":"closed","ping_status":"closed","sticky":false,"template":"","format":"standard","meta":{"footnotes":""},"categories":[1],"tags":[147,148,149,132,150,151,152,153],"class_list":["post-5084","post","type-post","status-publish","format-standard","has-post-thumbnail","hentry","category-noticias","tag-alegria-y-sofia","tag-comic-chileno","tag-damian-garcia","tag-daniela-thiers","tag-familia-usaka","tag-mathias-maciel","tag-mexico","tag-paraguay"],"_links":{"self":[{"href":"https:\/\/huvuz.com\/historieta\/wp-json\/wp\/v2\/posts\/5084","targetHints":{"allow":["GET"]}}],"collection":[{"href":"https:\/\/huvuz.com\/historieta\/wp-json\/wp\/v2\/posts"}],"about":[{"href":"https:\/\/huvuz.com\/historieta\/wp-json\/wp\/v2\/types\/post"}],"author":[{"embeddable":true,"href":"https:\/\/huvuz.com\/historieta\/wp-json\/wp\/v2\/users\/1"}],"replies":[{"embeddable":true,"href":"https:\/\/huvuz.com\/historieta\/wp-json\/wp\/v2\/comments?post=5084"}],"version-history":[{"count":1,"href":"https:\/\/huvuz.com\/historieta\/wp-json\/wp\/v2\/posts\/5084\/revisions"}],"predecessor-version":[{"id":16359,"href":"https:\/\/huvuz.com\/historieta\/wp-json\/wp\/v2\/posts\/5084\/revisions\/16359"}],"wp:featuredmedia":[{"embeddable":true,"href":"https:\/\/huvuz.com\/historieta\/wp-json\/wp\/v2\/media\/5086"}],"wp:attachment":[{"href":"https:\/\/huvuz.com\/historieta\/wp-json\/wp\/v2\/media?parent=5084"}],"wp:term":[{"taxonomy":"category","embeddable":true,"href":"https:\/\/huvuz.com\/historieta\/wp-json\/wp\/v2\/categories?post=5084"},{"taxonomy":"post_tag","embeddable":true,"href":"https:\/\/huvuz.com\/historieta\/wp-json\/wp\/v2\/tags?post=5084"}],"curies":[{"name":"wp","href":"https:\/\/api.w.org\/{rel}","templated":true}]}}