{"id":4886,"date":"2021-10-25T10:40:43","date_gmt":"2021-10-25T14:40:43","guid":{"rendered":"https:\/\/historieta.cl\/?p=4886"},"modified":"2025-01-08T02:46:01","modified_gmt":"2025-01-08T02:46:01","slug":"elementor-4886","status":"publish","type":"post","link":"https:\/\/huvuz.com\/historieta\/elementor-4886\/","title":{"rendered":"Sal\u00f3n Internacional de la Historieta sigue sumando invitados de renombre"},"content":{"rendered":"\t\t<div data-elementor-type=\"wp-post\" data-elementor-id=\"4886\" class=\"elementor elementor-4886\">\n\t\t\t\t\t\t<section class=\"elementor-section elementor-top-section elementor-element elementor-element-47de225 elementor-section-boxed elementor-section-height-default elementor-section-height-default wd-section-disabled\" data-id=\"47de225\" data-element_type=\"section\" data-e-type=\"section\">\n\t\t\t\t\t\t<div class=\"elementor-container elementor-column-gap-default\">\n\t\t\t\t\t<div class=\"elementor-column elementor-col-100 elementor-top-column elementor-element elementor-element-78662e1\" data-id=\"78662e1\" data-element_type=\"column\" data-e-type=\"column\">\n\t\t\t<div class=\"elementor-widget-wrap elementor-element-populated\">\n\t\t\t\t\t\t<div class=\"elementor-element elementor-element-4e52d6e elementor-widget elementor-widget-heading\" data-id=\"4e52d6e\" data-element_type=\"widget\" data-e-type=\"widget\" data-widget_type=\"heading.default\">\n\t\t\t\t<div class=\"elementor-widget-container\">\n\t\t\t\t\t<h2 class=\"elementor-heading-title elementor-size-default\">Sal\u00f3n Internacional de la Historieta sigue sumando invitados de renombre<\/h2>\t\t\t\t<\/div>\n\t\t\t\t<\/div>\n\t\t\t\t\t<\/div>\n\t\t<\/div>\n\t\t\t\t\t<\/div>\n\t\t<\/section>\n\t\t\t\t<section class=\"elementor-section elementor-top-section elementor-element elementor-element-267dbc2 elementor-section-boxed elementor-section-height-default elementor-section-height-default wd-section-disabled\" data-id=\"267dbc2\" data-element_type=\"section\" data-e-type=\"section\">\n\t\t\t\t\t\t<div class=\"elementor-container elementor-column-gap-default\">\n\t\t\t\t\t<div class=\"elementor-column elementor-col-100 elementor-top-column elementor-element elementor-element-35ba04b\" data-id=\"35ba04b\" data-element_type=\"column\" data-e-type=\"column\">\n\t\t\t<div class=\"elementor-widget-wrap elementor-element-populated\">\n\t\t\t\t\t\t<div class=\"elementor-element elementor-element-9ba1291 elementor-widget elementor-widget-image\" data-id=\"9ba1291\" data-element_type=\"widget\" data-e-type=\"widget\" data-widget_type=\"image.default\">\n\t\t\t\t<div class=\"elementor-widget-container\">\n\t\t\t\t\t\t\t\t\t\t\t\t\t\t\t<img fetchpriority=\"high\" decoding=\"async\" width=\"768\" height=\"300\" src=\"https:\/\/huvuz.com\/historieta\/wp-content\/uploads\/2021\/10\/18-10.jpg\" class=\"attachment-large size-large wp-image-4887\" alt=\"\" srcset=\"https:\/\/huvuz.com\/historieta\/wp-content\/uploads\/2021\/10\/18-10.jpg 768w, https:\/\/huvuz.com\/historieta\/wp-content\/uploads\/2021\/10\/18-10-400x156.jpg 400w, https:\/\/huvuz.com\/historieta\/wp-content\/uploads\/2021\/10\/18-10-430x168.jpg 430w, https:\/\/huvuz.com\/historieta\/wp-content\/uploads\/2021\/10\/18-10-700x273.jpg 700w, https:\/\/huvuz.com\/historieta\/wp-content\/uploads\/2021\/10\/18-10-150x59.jpg 150w\" sizes=\"(max-width: 768px) 100vw, 768px\" \/>\t\t\t\t\t\t\t\t\t\t\t\t\t\t\t<\/div>\n\t\t\t\t<\/div>\n\t\t\t\t\t<\/div>\n\t\t<\/div>\n\t\t\t\t\t<\/div>\n\t\t<\/section>\n\t\t\t\t<section class=\"elementor-section elementor-top-section elementor-element elementor-element-68d07d8 elementor-section-boxed elementor-section-height-default elementor-section-height-default wd-section-disabled\" data-id=\"68d07d8\" data-element_type=\"section\" data-e-type=\"section\">\n\t\t\t\t\t\t<div class=\"elementor-container elementor-column-gap-default\">\n\t\t\t\t\t<div class=\"elementor-column elementor-col-100 elementor-top-column elementor-element elementor-element-ff10b21\" data-id=\"ff10b21\" data-element_type=\"column\" data-e-type=\"column\">\n\t\t\t<div class=\"elementor-widget-wrap elementor-element-populated\">\n\t\t\t\t\t\t<div class=\"elementor-element elementor-element-dc4d189 color-scheme-inherit text-left elementor-widget elementor-widget-text-editor\" data-id=\"dc4d189\" data-element_type=\"widget\" data-e-type=\"widget\" data-widget_type=\"text-editor.default\">\n\t\t\t\t<div class=\"elementor-widget-container\">\n\t\t\t\t\t\t\t\t\t<p dir=\"ltr\" style=\"line-height: 1.38; text-align: justify; margin-top: 12pt; margin-bottom: 12pt;\"><span style=\"background-color: transparent; color: #000000; font-family: Arial; font-size: 11pt; white-space: pre-wrap;\">Cada vez quedan menos semanas para la realizaci\u00f3n del Sal\u00f3n Internacional de la Historieta y con ello se siguen sumando nuevas actividades e invitados de renombre al evento que se realizar\u00e1 del 25 al 27 de noviembre en la Corporaci\u00f3n Cultural San Pedro de la Paz y en la feria del Parque Laguna Grande de esa comuna.<\/span><\/p><p dir=\"ltr\" style=\"line-height: 1.38; text-align: justify; margin-top: 12pt; margin-bottom: 12pt;\"><span style=\"font-size: 11pt; font-family: Arial; color: #000000; background-color: transparent; font-weight: 400; font-style: normal; font-variant: normal; text-decoration: none; vertical-align: baseline; white-space: pre-wrap;\">Tras confirmarse la participaci\u00f3n de artistas como\u00a0 F\u00e9lix Vega y Francisco Ortega, Amancay Nahuelpay, Alan Robinson y Daniela Thiers, esta semana el evento que cuenta con financiamiento del Fondo del Libro del Ministerio de las Culturas acaba de sumar a varios autores latinoamericanos que expondr\u00e1n sobre sus procesos creativos, industria o el estreno de sus obras m\u00e1s recientes.<\/span><\/p><p dir=\"ltr\" style=\"line-height: 1.38; text-align: justify; margin-top: 12pt; margin-bottom: 12pt;\"><span style=\"font-size: 11pt; font-family: Arial; color: #000000; background-color: transparent; font-weight: 400; font-style: normal; font-variant: normal; text-decoration: none; vertical-align: baseline; white-space: pre-wrap;\">Es as\u00ed como en modo online se sumar\u00e1n Carlos Reyes y Rodrigo Elgueta presentando \u201cNosotros los Selknam\u201d as\u00ed como Joaqu\u00edn Garc\u00eda de Radebu Agency revisando portafolios de creadores nacionales. Adem\u00e1s, desde Paraguay nos acompa\u00f1a la editorial Zet Studios que nos contar\u00e1 acerca de sus publicaciones y el estado de la historieta en su pa\u00eds. Desde M\u00e9xico, en tanto,\u00a0 Augusto Mora conversar\u00e1 con Carlos Reyes acerca de\u00a0 la realidad en vi\u00f1etas desde Chile hasta M\u00e9xico. Tambi\u00e9n desde el pa\u00eds norteamericano, Edu Molina, Luis Fernando y Iv\u00e1n Valverde &#8220;Rictus&#8221;, de la editorial Resistencia, hablar\u00e1n del estado de la historieta en el pa\u00eds azteca.<\/span><\/p><p dir=\"ltr\" style=\"line-height: 1.38; text-align: justify; margin-top: 12pt; margin-bottom: 12pt;\"><span style=\"font-size: 11pt; font-family: Arial; color: #000000; background-color: transparent; font-weight: 400; font-style: normal; font-variant: normal; text-decoration: none; vertical-align: baseline; white-space: pre-wrap;\">En formato presencial, contaremos adem\u00e1s con B\u00e1rbara Mellado, lanzando su c\u00f3mic \u201cBrujimarket\u201d publicado en M\u00e9xico por Familia Usaka. Mientras que el ilustrador y docente penquista, Claudio Romo, estar\u00e1 con un stand donde expondr\u00e1 su obra y la de algunos de sus alumnos.<\/span><\/p><p dir=\"ltr\" style=\"line-height: 1.38; text-align: justify; margin-top: 12pt; margin-bottom: 12pt;\"><span style=\"font-size: 11pt; font-family: Arial; color: #000000; background-color: transparent; font-weight: 400; font-style: normal; font-variant: normal; text-decoration: none; vertical-align: baseline; white-space: pre-wrap;\">De este modo sigue creciendo el programa donde destacan talleres, una feria de comics, competencia de juegos de mesa, una exposici\u00f3n de car\u00e1cter hist\u00f3rico y un ciclo de micro talleres que incluir\u00e1n creaci\u00f3n de personajes, rob\u00f3tica o programaci\u00f3n de videojuegos, entre otros temas. Adem\u00e1s, el Sal\u00f3n contempla la segunda versi\u00f3n de los premios Pepo a lo mejor de la historieta chilena.<\/span><\/p><p dir=\"ltr\" style=\"line-height: 1.38; text-align: justify; margin-top: 12pt; margin-bottom: 12pt;\"><span style=\"font-size: 11pt; font-family: Arial; color: #000000; background-color: transparent; font-weight: 400; font-style: normal; font-variant: normal; text-decoration: none; vertical-align: baseline; white-space: pre-wrap;\">Vale agregar que son varias las editoriales nacionales y extranjeras que participar\u00e1n en la revisi\u00f3n de portafolios de autores nacionales, los que tienen plazo hasta el 31 de octubre para enviar sus muestras en el <a href=\"https:\/\/forms.gle\/RQcgLtKE1aPW8MGK9\" target=\"_blank\" rel=\"noopener\">formulario a continuaci\u00f3n<\/a>.<\/span><\/p>\t\t\t\t\t\t\t\t<\/div>\n\t\t\t\t<\/div>\n\t\t\t\t\t<\/div>\n\t\t<\/div>\n\t\t\t\t\t<\/div>\n\t\t<\/section>\n\t\t\t\t<\/div>\n\t\t","protected":false},"excerpt":{"rendered":"<p>Sal\u00f3n Internacional de la Historieta sigue sumando invitados de renombre Cada vez quedan menos semanas para la realizaci\u00f3n del Sal\u00f3n<\/p>\n","protected":false},"author":1,"featured_media":4887,"comment_status":"closed","ping_status":"closed","sticky":false,"template":"","format":"standard","meta":{"footnotes":""},"categories":[1],"tags":[143,144,145,146],"class_list":["post-4886","post","type-post","status-publish","format-standard","has-post-thumbnail","hentry","category-noticias","tag-barbara-mellado","tag-brujimarket","tag-claudio-romo","tag-joaquin-garcia"],"_links":{"self":[{"href":"https:\/\/huvuz.com\/historieta\/wp-json\/wp\/v2\/posts\/4886","targetHints":{"allow":["GET"]}}],"collection":[{"href":"https:\/\/huvuz.com\/historieta\/wp-json\/wp\/v2\/posts"}],"about":[{"href":"https:\/\/huvuz.com\/historieta\/wp-json\/wp\/v2\/types\/post"}],"author":[{"embeddable":true,"href":"https:\/\/huvuz.com\/historieta\/wp-json\/wp\/v2\/users\/1"}],"replies":[{"embeddable":true,"href":"https:\/\/huvuz.com\/historieta\/wp-json\/wp\/v2\/comments?post=4886"}],"version-history":[{"count":1,"href":"https:\/\/huvuz.com\/historieta\/wp-json\/wp\/v2\/posts\/4886\/revisions"}],"predecessor-version":[{"id":16360,"href":"https:\/\/huvuz.com\/historieta\/wp-json\/wp\/v2\/posts\/4886\/revisions\/16360"}],"wp:featuredmedia":[{"embeddable":true,"href":"https:\/\/huvuz.com\/historieta\/wp-json\/wp\/v2\/media\/4887"}],"wp:attachment":[{"href":"https:\/\/huvuz.com\/historieta\/wp-json\/wp\/v2\/media?parent=4886"}],"wp:term":[{"taxonomy":"category","embeddable":true,"href":"https:\/\/huvuz.com\/historieta\/wp-json\/wp\/v2\/categories?post=4886"},{"taxonomy":"post_tag","embeddable":true,"href":"https:\/\/huvuz.com\/historieta\/wp-json\/wp\/v2\/tags?post=4886"}],"curies":[{"name":"wp","href":"https:\/\/api.w.org\/{rel}","templated":true}]}}