{"id":4746,"date":"2021-10-07T12:30:42","date_gmt":"2021-10-07T16:30:42","guid":{"rendered":"https:\/\/historieta.cl\/?p=4746"},"modified":"2025-01-08T02:46:01","modified_gmt":"2025-01-08T02:46:01","slug":"2-salon-internacional-de-la-historieta-anuncia-sus-primeros-invitados","status":"publish","type":"post","link":"https:\/\/huvuz.com\/historieta\/2-salon-internacional-de-la-historieta-anuncia-sus-primeros-invitados\/","title":{"rendered":"2\u00b0 Sal\u00f3n Internacional de la Historieta anuncia sus primeros invitados"},"content":{"rendered":"\t\t<div data-elementor-type=\"wp-post\" data-elementor-id=\"4746\" class=\"elementor elementor-4746\">\n\t\t\t\t\t\t<section class=\"elementor-section elementor-top-section elementor-element elementor-element-8e919cb elementor-section-boxed elementor-section-height-default elementor-section-height-default wd-section-disabled\" data-id=\"8e919cb\" data-element_type=\"section\" data-e-type=\"section\">\n\t\t\t\t\t\t<div class=\"elementor-container elementor-column-gap-default\">\n\t\t\t\t\t<div class=\"elementor-column elementor-col-100 elementor-top-column elementor-element elementor-element-adaabeb\" data-id=\"adaabeb\" data-element_type=\"column\" data-e-type=\"column\">\n\t\t\t<div class=\"elementor-widget-wrap elementor-element-populated\">\n\t\t\t\t\t\t<div class=\"elementor-element elementor-element-9b4d2d7 elementor-widget elementor-widget-heading\" data-id=\"9b4d2d7\" data-element_type=\"widget\" data-e-type=\"widget\" data-widget_type=\"heading.default\">\n\t\t\t\t<div class=\"elementor-widget-container\">\n\t\t\t\t\t<h2 class=\"elementor-heading-title elementor-size-default\">2\u00b0 Sal\u00f3n Internacional de la Historieta anuncia sus primeros invitados<\/h2>\t\t\t\t<\/div>\n\t\t\t\t<\/div>\n\t\t\t\t\t<\/div>\n\t\t<\/div>\n\t\t\t\t\t<\/div>\n\t\t<\/section>\n\t\t\t\t<section class=\"elementor-section elementor-top-section elementor-element elementor-element-251932b elementor-section-boxed elementor-section-height-default elementor-section-height-default wd-section-disabled\" data-id=\"251932b\" data-element_type=\"section\" data-e-type=\"section\">\n\t\t\t\t\t\t<div class=\"elementor-container elementor-column-gap-default\">\n\t\t\t\t\t<div class=\"elementor-column elementor-col-100 elementor-top-column elementor-element elementor-element-68f0f23\" data-id=\"68f0f23\" data-element_type=\"column\" data-e-type=\"column\">\n\t\t\t<div class=\"elementor-widget-wrap elementor-element-populated\">\n\t\t\t\t\t\t<div class=\"elementor-element elementor-element-3a0472e elementor-widget elementor-widget-image\" data-id=\"3a0472e\" data-element_type=\"widget\" data-e-type=\"widget\" data-widget_type=\"image.default\">\n\t\t\t\t<div class=\"elementor-widget-container\">\n\t\t\t\t\t\t\t\t\t\t\t\t\t\t\t<img fetchpriority=\"high\" decoding=\"async\" width=\"768\" height=\"300\" src=\"https:\/\/huvuz.com\/historieta\/wp-content\/uploads\/2021\/10\/invitados.jpg\" class=\"attachment-large size-large wp-image-4747\" alt=\"\" srcset=\"https:\/\/huvuz.com\/historieta\/wp-content\/uploads\/2021\/10\/invitados.jpg 768w, https:\/\/huvuz.com\/historieta\/wp-content\/uploads\/2021\/10\/invitados-400x156.jpg 400w, https:\/\/huvuz.com\/historieta\/wp-content\/uploads\/2021\/10\/invitados-430x168.jpg 430w, https:\/\/huvuz.com\/historieta\/wp-content\/uploads\/2021\/10\/invitados-700x273.jpg 700w, https:\/\/huvuz.com\/historieta\/wp-content\/uploads\/2021\/10\/invitados-150x59.jpg 150w\" sizes=\"(max-width: 768px) 100vw, 768px\" \/>\t\t\t\t\t\t\t\t\t\t\t\t\t\t\t<\/div>\n\t\t\t\t<\/div>\n\t\t\t\t\t<\/div>\n\t\t<\/div>\n\t\t\t\t\t<\/div>\n\t\t<\/section>\n\t\t\t\t<section class=\"elementor-section elementor-top-section elementor-element elementor-element-16607ebf elementor-section-boxed elementor-section-height-default elementor-section-height-default wd-section-disabled\" data-id=\"16607ebf\" data-element_type=\"section\" data-e-type=\"section\">\n\t\t\t\t\t\t<div class=\"elementor-container elementor-column-gap-default\">\n\t\t\t\t\t<div class=\"elementor-column elementor-col-100 elementor-top-column elementor-element elementor-element-1bbbf76f\" data-id=\"1bbbf76f\" data-element_type=\"column\" data-e-type=\"column\">\n\t\t\t<div class=\"elementor-widget-wrap elementor-element-populated\">\n\t\t\t\t\t\t<div class=\"elementor-element elementor-element-12972553 color-scheme-inherit text-left elementor-widget elementor-widget-text-editor\" data-id=\"12972553\" data-element_type=\"widget\" data-e-type=\"widget\" data-widget_type=\"text-editor.default\">\n\t\t\t\t<div class=\"elementor-widget-container\">\n\t\t\t\t\t\t\t\t\t\n<p><em>Autores como Alan Robinson y Amancay Nahuelpay en forma presencial; as\u00ed como Daniela Thiers, Francisco Ortega y F\u00e9lix Vega en modo online, presentar\u00e1n sus obras m\u00e1s recientes en el evento.&nbsp; Por su parte, la editorial mexicana Familia Uzaka lanzar\u00e1 libros y har\u00e1 revisi\u00f3n de portafolios.<\/em><\/p>\n\n\n\n<p>Los seguidores del noveno arte de la Regi\u00f3n del Biob\u00edo ya se preparan para asistir al Sal\u00f3n Internacional de la Historieta, evento que se realizar\u00e1 desde el 25 al 27 de noviembre en la Corporaci\u00f3n Cultural San Pedro de la Paz y en la feria del Parque Laguna Grande de esa comuna. Por ahora ya pueden ingresar a su p\u00e1gina web www.historieta.cl en la cual encontrar\u00e1n noticias, actividades, rese\u00f1as de invitados y formularios de inscripciones para sus distintas actividades; ya sea online o presenciales.<\/p>\n\n\n\n<p>Entre las actividades destacan talleres, una feria de comics, competencia de juegos de mesa, una exposici\u00f3n de car\u00e1cter hist\u00f3rico y un ciclo de micro talleres que incluir\u00e1n creaci\u00f3n de personajes, rob\u00f3tica o programaci\u00f3n de videojuegos, entre otros temas. Adem\u00e1s, habr\u00e1 mesas de negocios, revisi\u00f3n de portafolios de dibujantes y la segunda versi\u00f3n de los premios Pepo a lo mejor de la historieta chilena.<\/p>\n\t\t\t\t\t\t\t\t<\/div>\n\t\t\t\t<\/div>\n\t\t\t\t\t<\/div>\n\t\t<\/div>\n\t\t\t\t\t<\/div>\n\t\t<\/section>\n\t\t\t\t<\/div>\n\t\t","protected":false},"excerpt":{"rendered":"<p>2\u00b0 Sal\u00f3n Internacional de la Historieta anuncia sus primeros invitados Autores como Alan Robinson y Amancay Nahuelpay en forma presencial;<\/p>\n","protected":false},"author":1,"featured_media":4747,"comment_status":"closed","ping_status":"closed","sticky":false,"template":"","format":"standard","meta":{"footnotes":""},"categories":[1],"tags":[130,131,132,133,134,135,136,137],"class_list":["post-4746","post","type-post","status-publish","format-standard","has-post-thumbnail","hentry","category-noticias","tag-alan-robinson","tag-comics","tag-daniela-thiers","tag-felix-vega","tag-francisco-ortega","tag-historieta","tag-invitados","tag-salon-internacional-de-la-historieta"],"_links":{"self":[{"href":"https:\/\/huvuz.com\/historieta\/wp-json\/wp\/v2\/posts\/4746","targetHints":{"allow":["GET"]}}],"collection":[{"href":"https:\/\/huvuz.com\/historieta\/wp-json\/wp\/v2\/posts"}],"about":[{"href":"https:\/\/huvuz.com\/historieta\/wp-json\/wp\/v2\/types\/post"}],"author":[{"embeddable":true,"href":"https:\/\/huvuz.com\/historieta\/wp-json\/wp\/v2\/users\/1"}],"replies":[{"embeddable":true,"href":"https:\/\/huvuz.com\/historieta\/wp-json\/wp\/v2\/comments?post=4746"}],"version-history":[{"count":1,"href":"https:\/\/huvuz.com\/historieta\/wp-json\/wp\/v2\/posts\/4746\/revisions"}],"predecessor-version":[{"id":16363,"href":"https:\/\/huvuz.com\/historieta\/wp-json\/wp\/v2\/posts\/4746\/revisions\/16363"}],"wp:featuredmedia":[{"embeddable":true,"href":"https:\/\/huvuz.com\/historieta\/wp-json\/wp\/v2\/media\/4747"}],"wp:attachment":[{"href":"https:\/\/huvuz.com\/historieta\/wp-json\/wp\/v2\/media?parent=4746"}],"wp:term":[{"taxonomy":"category","embeddable":true,"href":"https:\/\/huvuz.com\/historieta\/wp-json\/wp\/v2\/categories?post=4746"},{"taxonomy":"post_tag","embeddable":true,"href":"https:\/\/huvuz.com\/historieta\/wp-json\/wp\/v2\/tags?post=4746"}],"curies":[{"name":"wp","href":"https:\/\/api.w.org\/{rel}","templated":true}]}}