{"id":16160,"date":"2021-09-10T18:39:51","date_gmt":"2021-09-10T22:39:51","guid":{"rendered":"https:\/\/historieta.cl\/?p=4485"},"modified":"2025-01-08T02:46:01","modified_gmt":"2025-01-08T02:46:01","slug":"tras-su-exitosa-version-de-2020","status":"publish","type":"post","link":"https:\/\/huvuz.com\/historieta\/tras-su-exitosa-version-de-2020\/","title":{"rendered":"Segundo Sal\u00f3n Internacional de la Historieta del Biob\u00edo confirma fecha y ser\u00e1 semi-presencial"},"content":{"rendered":"\t\t<div data-elementor-type=\"wp-post\" data-elementor-id=\"16160\" class=\"elementor elementor-16160\">\n\t\t\t\t\t\t<section class=\"elementor-section elementor-top-section elementor-element elementor-element-d159b09 elementor-section-boxed elementor-section-height-default elementor-section-height-default wd-section-disabled\" data-id=\"d159b09\" data-element_type=\"section\" data-e-type=\"section\">\n\t\t\t\t\t\t<div class=\"elementor-container elementor-column-gap-default\">\n\t\t\t\t\t<div class=\"elementor-column elementor-col-100 elementor-top-column elementor-element elementor-element-e3e3f13\" data-id=\"e3e3f13\" data-element_type=\"column\" data-e-type=\"column\">\n\t\t\t<div class=\"elementor-widget-wrap elementor-element-populated\">\n\t\t\t\t\t\t<div class=\"elementor-element elementor-element-23c7062 elementor-widget elementor-widget-image\" data-id=\"23c7062\" data-element_type=\"widget\" data-e-type=\"widget\" data-widget_type=\"image.default\">\n\t\t\t\t<div class=\"elementor-widget-container\">\n\t\t\t\t\t\t\t\t\t\t\t\t\t\t\t<img fetchpriority=\"high\" decoding=\"async\" width=\"768\" height=\"300\" src=\"https:\/\/huvuz.com\/historieta\/wp-content\/uploads\/2021\/09\/noticia01-1.jpg\" class=\"attachment-medium_large size-medium_large wp-image-4567\" alt=\"\" srcset=\"https:\/\/huvuz.com\/historieta\/wp-content\/uploads\/2021\/09\/noticia01-1.jpg 768w, https:\/\/huvuz.com\/historieta\/wp-content\/uploads\/2021\/09\/noticia01-1-400x156.jpg 400w, https:\/\/huvuz.com\/historieta\/wp-content\/uploads\/2021\/09\/noticia01-1-430x168.jpg 430w, https:\/\/huvuz.com\/historieta\/wp-content\/uploads\/2021\/09\/noticia01-1-700x273.jpg 700w, https:\/\/huvuz.com\/historieta\/wp-content\/uploads\/2021\/09\/noticia01-1-150x59.jpg 150w\" sizes=\"(max-width: 768px) 100vw, 768px\" \/>\t\t\t\t\t\t\t\t\t\t\t\t\t\t\t<\/div>\n\t\t\t\t<\/div>\n\t\t\t\t\t<\/div>\n\t\t<\/div>\n\t\t\t\t\t<\/div>\n\t\t<\/section>\n\t\t\t\t<section class=\"elementor-section elementor-top-section elementor-element elementor-element-58ff038a elementor-section-boxed elementor-section-height-default elementor-section-height-default wd-section-disabled\" data-id=\"58ff038a\" data-element_type=\"section\" data-e-type=\"section\">\n\t\t\t\t\t\t<div class=\"elementor-container elementor-column-gap-default\">\n\t\t\t\t\t<div class=\"elementor-column elementor-col-100 elementor-top-column elementor-element elementor-element-22313b48\" data-id=\"22313b48\" data-element_type=\"column\" data-e-type=\"column\">\n\t\t\t<div class=\"elementor-widget-wrap elementor-element-populated\">\n\t\t\t\t\t\t<div class=\"elementor-element elementor-element-51871f45 color-scheme-inherit text-left elementor-widget elementor-widget-text-editor\" data-id=\"51871f45\" data-element_type=\"widget\" data-e-type=\"widget\" data-widget_type=\"text-editor.default\">\n\t\t\t\t<div class=\"elementor-widget-container\">\n\t\t\t\t\t\t\t\t\t\n<h1><strong>Segundo Sal\u00f3n Internacional de la Historieta del Biob\u00edo confirma fecha y ser\u00e1 semi-presencial<\/strong><\/h1>\n<p>\u00a0<\/p>\n\n<p>Son pocos los eventos culturales que han logrado sortear con \u00e9xito las dificultades generadas por la pandemia, aprovechando al m\u00e1ximo los beneficios que ofrecen las herramientas online y las redes digitales. Ese fue el caso del Primer Sal\u00f3n Internacional de la Historieta del Biob\u00edo que se realiz\u00f3 a inicios de septiembre de 2020 y que incluy\u00f3 21 charlas, mesas redondas y lanzamientos online a cargo de 35 profesionales y artistas de renombre de Chile y el extranjero.<\/p>\n<p>A lo anterior se sumaron los premios \u201cPepo\u201d a lo mejor de la historieta nacional, as\u00ed como un ciclo de mesas de negocios con la presentaci\u00f3n de veinte portafolios de artistas chilenos ante una decena de editoriales y agencias de cuatro continentes.<\/p>\n<p>Tras superar las 18 mil visitas en Facebook y m\u00e1s de 1.400 reproducciones en Youtube, el evento organizado por Bewell Media, Gutter y la Cooperativa de Narrativa Gr\u00e1fica tendr\u00e1 una segunda entrega del 24 al 27 de noviembre en modalidad semipresencial gracias a la adjudicaci\u00f3n de un Fondo de Fomento a la Lectura.<\/p>\n<p>Las actividades se realizar\u00e1n en dependencias de la Casa de la Cultura de San Pedro de la Paz y en la feria del Parque Laguna Grande de la comuna; ello, gracias a un convenio de colaboraci\u00f3n con la mencionada instituci\u00f3n.<\/p>\n\t\t\t\t\t\t\t\t<\/div>\n\t\t\t\t<\/div>\n\t\t\t\t\t<\/div>\n\t\t<\/div>\n\t\t\t\t\t<\/div>\n\t\t<\/section>\n\t\t\t\t<\/div>\n\t\t","protected":false},"excerpt":{"rendered":"<p>Son pocos los eventos culturales que han logrado sortear con \u00e9xito las dificultades generadas por la pandemia, aprovechando al m\u00e1ximo los beneficios que ofrecen las herramientas online y las redes digitales. <\/p>\n","protected":false},"author":1,"featured_media":4567,"comment_status":"closed","ping_status":"closed","sticky":false,"template":"","format":"standard","meta":{"footnotes":""},"categories":[1],"tags":[],"class_list":["post-16160","post","type-post","status-publish","format-standard","has-post-thumbnail","hentry","category-noticias"],"_links":{"self":[{"href":"https:\/\/huvuz.com\/historieta\/wp-json\/wp\/v2\/posts\/16160","targetHints":{"allow":["GET"]}}],"collection":[{"href":"https:\/\/huvuz.com\/historieta\/wp-json\/wp\/v2\/posts"}],"about":[{"href":"https:\/\/huvuz.com\/historieta\/wp-json\/wp\/v2\/types\/post"}],"author":[{"embeddable":true,"href":"https:\/\/huvuz.com\/historieta\/wp-json\/wp\/v2\/users\/1"}],"replies":[{"embeddable":true,"href":"https:\/\/huvuz.com\/historieta\/wp-json\/wp\/v2\/comments?post=16160"}],"version-history":[{"count":1,"href":"https:\/\/huvuz.com\/historieta\/wp-json\/wp\/v2\/posts\/16160\/revisions"}],"predecessor-version":[{"id":16364,"href":"https:\/\/huvuz.com\/historieta\/wp-json\/wp\/v2\/posts\/16160\/revisions\/16364"}],"wp:featuredmedia":[{"embeddable":true,"href":"https:\/\/huvuz.com\/historieta\/wp-json\/wp\/v2\/media\/4567"}],"wp:attachment":[{"href":"https:\/\/huvuz.com\/historieta\/wp-json\/wp\/v2\/media?parent=16160"}],"wp:term":[{"taxonomy":"category","embeddable":true,"href":"https:\/\/huvuz.com\/historieta\/wp-json\/wp\/v2\/categories?post=16160"},{"taxonomy":"post_tag","embeddable":true,"href":"https:\/\/huvuz.com\/historieta\/wp-json\/wp\/v2\/tags?post=16160"}],"curies":[{"name":"wp","href":"https:\/\/api.w.org\/{rel}","templated":true}]}}