{"id":16158,"date":"2021-09-10T18:32:06","date_gmt":"2021-09-10T22:32:06","guid":{"rendered":"https:\/\/historieta.cl\/?p=4481"},"modified":"2025-01-08T02:46:01","modified_gmt":"2025-01-08T02:46:01","slug":"diez-agencias-y-editoriales-extranjeras-evaluaran-propuestas-en-el-primer-salon-internacional-de-la-historieta-del-biobio","status":"publish","type":"post","link":"https:\/\/huvuz.com\/historieta\/diez-agencias-y-editoriales-extranjeras-evaluaran-propuestas-en-el-primer-salon-internacional-de-la-historieta-del-biobio\/","title":{"rendered":"Nueva versi\u00f3n de los premios Pepo abre su convocatoria"},"content":{"rendered":"\t\t<div data-elementor-type=\"wp-post\" data-elementor-id=\"16158\" class=\"elementor elementor-16158\">\n\t\t\t\t\t\t<section class=\"elementor-section elementor-top-section elementor-element elementor-element-7f3806c elementor-section-boxed elementor-section-height-default elementor-section-height-default wd-section-disabled\" data-id=\"7f3806c\" data-element_type=\"section\" data-e-type=\"section\">\n\t\t\t\t\t\t<div class=\"elementor-container elementor-column-gap-default\">\n\t\t\t\t\t<div class=\"elementor-column elementor-col-100 elementor-top-column elementor-element elementor-element-bc6a2f8\" data-id=\"bc6a2f8\" data-element_type=\"column\" data-e-type=\"column\">\n\t\t\t<div class=\"elementor-widget-wrap elementor-element-populated\">\n\t\t\t\t\t\t<div class=\"elementor-element elementor-element-e8a2165 elementor-widget elementor-widget-image\" data-id=\"e8a2165\" data-element_type=\"widget\" data-e-type=\"widget\" data-widget_type=\"image.default\">\n\t\t\t\t<div class=\"elementor-widget-container\">\n\t\t\t\t\t\t\t\t\t\t\t\t\t\t\t<img fetchpriority=\"high\" decoding=\"async\" width=\"768\" height=\"300\" src=\"https:\/\/huvuz.com\/historieta\/wp-content\/uploads\/2021\/09\/noticia03-1.jpg\" class=\"attachment-large size-large wp-image-4575\" alt=\"\" srcset=\"https:\/\/huvuz.com\/historieta\/wp-content\/uploads\/2021\/09\/noticia03-1.jpg 768w, https:\/\/huvuz.com\/historieta\/wp-content\/uploads\/2021\/09\/noticia03-1-400x156.jpg 400w, https:\/\/huvuz.com\/historieta\/wp-content\/uploads\/2021\/09\/noticia03-1-430x168.jpg 430w, https:\/\/huvuz.com\/historieta\/wp-content\/uploads\/2021\/09\/noticia03-1-700x273.jpg 700w, https:\/\/huvuz.com\/historieta\/wp-content\/uploads\/2021\/09\/noticia03-1-150x59.jpg 150w\" sizes=\"(max-width: 768px) 100vw, 768px\" \/>\t\t\t\t\t\t\t\t\t\t\t\t\t\t\t<\/div>\n\t\t\t\t<\/div>\n\t\t\t\t\t<\/div>\n\t\t<\/div>\n\t\t\t\t\t<\/div>\n\t\t<\/section>\n\t\t\t\t<section class=\"elementor-section elementor-top-section elementor-element elementor-element-1ae621d2 elementor-section-boxed elementor-section-height-default elementor-section-height-default wd-section-disabled\" data-id=\"1ae621d2\" data-element_type=\"section\" data-e-type=\"section\">\n\t\t\t\t\t\t<div class=\"elementor-container elementor-column-gap-default\">\n\t\t\t\t\t<div class=\"elementor-column elementor-col-100 elementor-top-column elementor-element elementor-element-1502a0fd\" data-id=\"1502a0fd\" data-element_type=\"column\" data-e-type=\"column\">\n\t\t\t<div class=\"elementor-widget-wrap elementor-element-populated\">\n\t\t\t\t\t\t<div class=\"elementor-element elementor-element-7bd396c8 color-scheme-inherit text-left elementor-widget elementor-widget-text-editor\" data-id=\"7bd396c8\" data-element_type=\"widget\" data-e-type=\"widget\" data-widget_type=\"text-editor.default\">\n\t\t\t\t<div class=\"elementor-widget-container\">\n\t\t\t\t\t\t\t\t\t\n<h1><strong>Nueva versi\u00f3n de los premios Pepo abre su convocatoria<\/strong><\/h1>\n<p>\u00a0<\/p>\n<p>Uno de los momentos m\u00e1s destacados y vistos del pasado Sal\u00f3n Internacional de la Historieta del Biob\u00edo fue la primera versi\u00f3n de los Premios Pepo, galard\u00f3n que nace en homenaje a Ren\u00e9 R\u00edos Boettiger, creador de \u201cCondorito\u201d y \u201cLa viborita\u201d quien dio sus primeros pasos en Concepci\u00f3n, su ciudad natal.<\/p>\n<p>Este a\u00f1o nuevamente se premiar\u00e1 a lo mejor de la producci\u00f3n nacional, el cual adem\u00e1s tiene un sistema de votaci\u00f3n en que participan otros profesionales del rubro. Vale destacar que los Premios Pepo a la Historieta Chilena son entregados en conjunto por el Sal\u00f3n Internacional de la Historieta y la Cooperativa de Narrativa Gr\u00e1fica de Chile.<\/p>\n<p>\u00a0<\/p>\n<h2>C\u00f3mo participar<\/h2>\n<p>Para ser parte de los votantes se debe acreditar haber publicado una obra desde el 01 de enero de 2008 hasta el 01 de septiembre de 2021. Los creadores y editores que publicaron obras en f\u00edsico, deben enviar fotograf\u00eda de la P\u00c1GINA DE CR\u00c9DITOS que identifique la obra. Los creadores y editores que han publicado en digital, deben enviar una captura de pantalla de la p\u00e1gina web con la publicaci\u00f3n que lo identifique.<\/p>\n<p>Felipe Benavides, productor de contenidos del Sal\u00f3n, explic\u00f3 que la convocatoria a los premios Pepo de este a\u00f1o incluir\u00e1 obras realizadas desde el 2020 y que adem\u00e1s se sumar\u00e1 un galard\u00f3n especial a la trayectoria. <em>\u201cHemos captado un gran inter\u00e9s por participar, y es que se hac\u00eda necesario tener una instancia que permita tomarle el pulso a la producci\u00f3n actual de la Historieta en Chile.\u201d<\/em>, sostuvo.<\/p>\n<p>Para las postulaci\u00f3n ingresa a: :<a href=\"https:\/\/docs.google.com\/forms\/d\/e\/1FAIpQLSfqxErCHnhl5b5YdrYRIUWhVxdW-LX4GSeVUlH6I-y3YkBeoA\/viewform\" target=\"_blank\" rel=\"noopener\"> www.historieta.cl\/postulaciones<\/a><\/p>\n<p>\u00a0<\/p>\n<hr \/>\n<h3>\u00a0<\/h3>\n<h3>Los ganadores de los Premios Pepo 2020 fueron.<\/h3>\n<p>MEJOR HISTORIETA: \u201cDuam\u201d \/ Felix Vega<\/p>\n<p>MEJOR DIBUJANTE: Felix Vega \/ \u201cDuam\u201d<\/p>\n<p>MEJOR GUIONISTA: Mauricio Ahumada por \u201cDiablo Resistencia\u201d<\/p>\n<p>MEJOR COLORISTA: \u00a0Felix Vega \/ \u201cDuam\u201d<\/p>\n<p>MEJOR ENTINTADOR: Cristi\u00e1n Docolomansky \/\u201d La Senda del Errante: Calvario\u201d<\/p>\n<p>MEJOR ROTULISTA: Cristian Docolomansky \/ \u201cTecNoir\u201d<\/p>\n<p>MEJOR COMIC DIGITAL: \u201cQue no Pare la Revoluci\u00f3n\u201d \/ Sebasti\u00e1n Castro, Guido Salinas<\/p>\n<p>MEJOR FANZINE: \u201cUna historia de alquimia, runas y brujer\u00eda\u201d de Constanza Olmedo.<\/p>\n\t\t\t\t\t\t\t\t<\/div>\n\t\t\t\t<\/div>\n\t\t\t\t\t<\/div>\n\t\t<\/div>\n\t\t\t\t\t<\/div>\n\t\t<\/section>\n\t\t\t\t<\/div>\n\t\t","protected":false},"excerpt":{"rendered":"<p>Este a\u00f1o nuevamente se premiar\u00e1 a lo mejor de la producci\u00f3n nacional, el cual adem\u00e1s tiene un sistema de votaci\u00f3n en que participan otros profesionales del rubro. <\/p>\n","protected":false},"author":1,"featured_media":4575,"comment_status":"closed","ping_status":"closed","sticky":false,"template":"","format":"standard","meta":{"footnotes":""},"categories":[1],"tags":[],"class_list":["post-16158","post","type-post","status-publish","format-standard","has-post-thumbnail","hentry","category-noticias"],"_links":{"self":[{"href":"https:\/\/huvuz.com\/historieta\/wp-json\/wp\/v2\/posts\/16158","targetHints":{"allow":["GET"]}}],"collection":[{"href":"https:\/\/huvuz.com\/historieta\/wp-json\/wp\/v2\/posts"}],"about":[{"href":"https:\/\/huvuz.com\/historieta\/wp-json\/wp\/v2\/types\/post"}],"author":[{"embeddable":true,"href":"https:\/\/huvuz.com\/historieta\/wp-json\/wp\/v2\/users\/1"}],"replies":[{"embeddable":true,"href":"https:\/\/huvuz.com\/historieta\/wp-json\/wp\/v2\/comments?post=16158"}],"version-history":[{"count":1,"href":"https:\/\/huvuz.com\/historieta\/wp-json\/wp\/v2\/posts\/16158\/revisions"}],"predecessor-version":[{"id":16366,"href":"https:\/\/huvuz.com\/historieta\/wp-json\/wp\/v2\/posts\/16158\/revisions\/16366"}],"wp:featuredmedia":[{"embeddable":true,"href":"https:\/\/huvuz.com\/historieta\/wp-json\/wp\/v2\/media\/4575"}],"wp:attachment":[{"href":"https:\/\/huvuz.com\/historieta\/wp-json\/wp\/v2\/media?parent=16158"}],"wp:term":[{"taxonomy":"category","embeddable":true,"href":"https:\/\/huvuz.com\/historieta\/wp-json\/wp\/v2\/categories?post=16158"},{"taxonomy":"post_tag","embeddable":true,"href":"https:\/\/huvuz.com\/historieta\/wp-json\/wp\/v2\/tags?post=16158"}],"curies":[{"name":"wp","href":"https:\/\/api.w.org\/{rel}","templated":true}]}}