{"id":16152,"date":"2021-01-07T01:44:42","date_gmt":"2021-01-07T01:44:42","guid":{"rendered":"https:\/\/huvuz.com\/historieta\/?p=16152"},"modified":"2025-01-07T22:13:05","modified_gmt":"2025-01-07T22:13:05","slug":"premios-pepo-2022-2","status":"publish","type":"post","link":"https:\/\/huvuz.com\/historieta\/premios-pepo-2022-2\/","title":{"rendered":"Premios Pepo 2021"},"content":{"rendered":"\t\t<div data-elementor-type=\"wp-post\" data-elementor-id=\"16152\" class=\"elementor elementor-16152\">\n\t\t\t\t<div class=\"elementor-element elementor-element-ba547d7 e-flex e-con-boxed wd-section-disabled e-con e-parent\" data-id=\"ba547d7\" data-element_type=\"container\" data-e-type=\"container\">\n\t\t\t\t\t<div class=\"e-con-inner\">\n\t\t<div class=\"elementor-element elementor-element-c48edd3 e-con-full e-flex wd-section-disabled e-con e-child\" data-id=\"c48edd3\" data-element_type=\"container\" data-e-type=\"container\">\n\t\t\t\t<div class=\"elementor-element elementor-element-68d0bb0 elementor-position-left elementor-vertical-align-middle elementor-widget elementor-widget-image-box\" data-id=\"68d0bb0\" data-element_type=\"widget\" data-e-type=\"widget\" data-widget_type=\"image-box.default\">\n\t\t\t\t<div class=\"elementor-widget-container\">\n\t\t\t\t\t<div class=\"elementor-image-box-wrapper\"><figure class=\"elementor-image-box-img\"><img decoding=\"async\" width=\"150\" height=\"150\" src=\"https:\/\/huvuz.com\/historieta\/wp-content\/uploads\/2025\/01\/mejor-historieta-150x150.jpg\" class=\"attachment-thumbnail size-thumbnail wp-image-16181\" alt=\"\" srcset=\"https:\/\/huvuz.com\/historieta\/wp-content\/uploads\/2025\/01\/mejor-historieta-150x150.jpg 150w, https:\/\/huvuz.com\/historieta\/wp-content\/uploads\/2025\/01\/mejor-historieta-300x300.jpg 300w, https:\/\/huvuz.com\/historieta\/wp-content\/uploads\/2025\/01\/mejor-historieta-500x500.jpg 500w\" sizes=\"(max-width: 150px) 100vw, 150px\" \/><\/figure><div class=\"elementor-image-box-content\"><h3 class=\"elementor-image-box-title\">Caf\u00e9 Amargo 5<\/h3><p class=\"elementor-image-box-description\">MEJOR HISTORIETA<\/p><\/div><\/div>\t\t\t\t<\/div>\n\t\t\t\t<\/div>\n\t\t\t\t<div class=\"elementor-element elementor-element-e27aec9 color-scheme-inherit text-left elementor-widget elementor-widget-text-editor\" data-id=\"e27aec9\" data-element_type=\"widget\" data-e-type=\"widget\" data-widget_type=\"text-editor.default\">\n\t\t\t\t<div class=\"elementor-widget-container\">\n\t\t\t\t\t\t\t\t\t<p><strong><em>Caf\u00e9 Amargo 5: &#8220;El final&#8221;\u00a0Por P\u00eda Prado\u00a0Bley<\/em><\/strong><\/p>\n<p>&#8220;El final de Caf\u00e9\u00a0Amargo. Tomo que concluye la historia entera y que revela el verdadero culpable del asesinato de\u00a0Jos\u00e9 Jordana, adem\u00e1s del destino de cada uno de los personajes&#8221;<\/p>\t\t\t\t\t\t\t\t<\/div>\n\t\t\t\t<\/div>\n\t\t\t\t<\/div>\n\t\t<div class=\"elementor-element elementor-element-c5bc5d7 e-con-full e-flex wd-section-disabled e-con e-child\" data-id=\"c5bc5d7\" data-element_type=\"container\" data-e-type=\"container\">\n\t\t\t\t<div class=\"elementor-element elementor-element-843455a elementor-position-left elementor-vertical-align-middle elementor-widget elementor-widget-image-box\" data-id=\"843455a\" data-element_type=\"widget\" data-e-type=\"widget\" data-widget_type=\"image-box.default\">\n\t\t\t\t<div class=\"elementor-widget-container\">\n\t\t\t\t\t<div class=\"elementor-image-box-wrapper\"><figure class=\"elementor-image-box-img\"><img decoding=\"async\" width=\"150\" height=\"150\" src=\"https:\/\/huvuz.com\/historieta\/wp-content\/uploads\/2025\/01\/Mejor-Dibujante-150x150.jpg\" class=\"attachment-thumbnail size-thumbnail wp-image-16182\" alt=\"\" srcset=\"https:\/\/huvuz.com\/historieta\/wp-content\/uploads\/2025\/01\/Mejor-Dibujante-150x150.jpg 150w, https:\/\/huvuz.com\/historieta\/wp-content\/uploads\/2025\/01\/Mejor-Dibujante-300x300.jpg 300w, https:\/\/huvuz.com\/historieta\/wp-content\/uploads\/2025\/01\/Mejor-Dibujante-500x500.jpg 500w\" sizes=\"(max-width: 150px) 100vw, 150px\" \/><\/figure><div class=\"elementor-image-box-content\"><h3 class=\"elementor-image-box-title\">Diego \"Novanim\" Z\u00fa\u00f1iga<\/h3><p class=\"elementor-image-box-description\">MEJOR DIBUJANTE<\/p><\/div><\/div>\t\t\t\t<\/div>\n\t\t\t\t<\/div>\n\t\t\t\t<div class=\"elementor-element elementor-element-71160cc color-scheme-inherit text-left elementor-widget elementor-widget-text-editor\" data-id=\"71160cc\" data-element_type=\"widget\" data-e-type=\"widget\" data-widget_type=\"text-editor.default\">\n\t\t\t\t<div class=\"elementor-widget-container\">\n\t\t\t\t\t\t\t\t\t<p><strong><em>Por Witranant\u00fc &#8211; Las Guerras del Sol Muerto<\/em><\/strong><\/p>\n<p>Diego es artista conceptual independiente, ilustrador, profesor de arte y narrador gr\u00e1fico con m\u00e1s de diez a\u00f1os de experiencia. Despu\u00e9s de terminar su licenciatura en Ingenier\u00eda Biom\u00e9dica, persigui\u00f3 mi objetivo de convertirme en un narrador visual.<\/p>\t\t\t\t\t\t\t\t<\/div>\n\t\t\t\t<\/div>\n\t\t\t\t<\/div>\n\t\t\t\t\t<\/div>\n\t\t\t\t<\/div>\n\t\t<div class=\"elementor-element elementor-element-afae838 e-flex e-con-boxed wd-section-disabled e-con e-parent\" data-id=\"afae838\" data-element_type=\"container\" data-e-type=\"container\">\n\t\t\t\t\t<div class=\"e-con-inner\">\n\t\t<div class=\"elementor-element elementor-element-7f98bd9 e-con-full e-flex wd-section-disabled e-con e-child\" data-id=\"7f98bd9\" data-element_type=\"container\" data-e-type=\"container\">\n\t\t\t\t<div class=\"elementor-element elementor-element-c2e59c9 elementor-position-left elementor-vertical-align-middle elementor-widget elementor-widget-image-box\" data-id=\"c2e59c9\" data-element_type=\"widget\" data-e-type=\"widget\" data-widget_type=\"image-box.default\">\n\t\t\t\t<div class=\"elementor-widget-container\">\n\t\t\t\t\t<div class=\"elementor-image-box-wrapper\"><figure class=\"elementor-image-box-img\"><img decoding=\"async\" width=\"150\" height=\"150\" src=\"https:\/\/huvuz.com\/historieta\/wp-content\/uploads\/2025\/01\/Mejor-Guionista-150x150.jpg\" class=\"attachment-thumbnail size-thumbnail wp-image-16183\" alt=\"\" srcset=\"https:\/\/huvuz.com\/historieta\/wp-content\/uploads\/2025\/01\/Mejor-Guionista-150x150.jpg 150w, https:\/\/huvuz.com\/historieta\/wp-content\/uploads\/2025\/01\/Mejor-Guionista-300x300.jpg 300w, https:\/\/huvuz.com\/historieta\/wp-content\/uploads\/2025\/01\/Mejor-Guionista-500x500.jpg 500w\" sizes=\"(max-width: 150px) 100vw, 150px\" \/><\/figure><div class=\"elementor-image-box-content\"><h3 class=\"elementor-image-box-title\">Carlos Reyes<\/h3><p class=\"elementor-image-box-description\">MEJOR GUIONISTA<\/p><\/div><\/div>\t\t\t\t<\/div>\n\t\t\t\t<\/div>\n\t\t\t\t<div class=\"elementor-element elementor-element-6f7e4c4 color-scheme-inherit text-left elementor-widget elementor-widget-text-editor\" data-id=\"6f7e4c4\" data-element_type=\"widget\" data-e-type=\"widget\" data-widget_type=\"text-editor.default\">\n\t\t\t\t<div class=\"elementor-widget-container\">\n\t\t\t\t\t\t\t\t\t<p><em><strong>Por Nosotros los Selk\u2019nam.<\/strong><\/em><\/p>\n<p>Carlos Reyes es escritor, guionista y gestor cultural de narrativa gr\u00e1fica. A participado en proyectos como In Absentia Mortis e In Nomine Mortis. Guionista de t\u00edtulos como Los A\u00f1os de Allende y Nosotros los Selk\u2019nam donde hace dupla creativa junto al dibujante Rodrigo Elgueta.<\/p>\t\t\t\t\t\t\t\t<\/div>\n\t\t\t\t<\/div>\n\t\t\t\t<\/div>\n\t\t<div class=\"elementor-element elementor-element-df269d0 e-con-full e-flex wd-section-disabled e-con e-child\" data-id=\"df269d0\" data-element_type=\"container\" data-e-type=\"container\">\n\t\t\t\t<div class=\"elementor-element elementor-element-ecea049 elementor-position-left elementor-vertical-align-middle elementor-widget elementor-widget-image-box\" data-id=\"ecea049\" data-element_type=\"widget\" data-e-type=\"widget\" data-widget_type=\"image-box.default\">\n\t\t\t\t<div class=\"elementor-widget-container\">\n\t\t\t\t\t<div class=\"elementor-image-box-wrapper\"><figure class=\"elementor-image-box-img\"><img loading=\"lazy\" decoding=\"async\" width=\"150\" height=\"150\" src=\"https:\/\/huvuz.com\/historieta\/wp-content\/uploads\/2025\/01\/Mejor-Colorista-150x150.jpg\" class=\"attachment-thumbnail size-thumbnail wp-image-16184\" alt=\"\" srcset=\"https:\/\/huvuz.com\/historieta\/wp-content\/uploads\/2025\/01\/Mejor-Colorista-150x150.jpg 150w, https:\/\/huvuz.com\/historieta\/wp-content\/uploads\/2025\/01\/Mejor-Colorista-300x300.jpg 300w, https:\/\/huvuz.com\/historieta\/wp-content\/uploads\/2025\/01\/Mejor-Colorista-500x500.jpg 500w\" sizes=\"(max-width: 150px) 100vw, 150px\" \/><\/figure><div class=\"elementor-image-box-content\"><h3 class=\"elementor-image-box-title\">K\u00f3te Carvajal<\/h3><p class=\"elementor-image-box-description\">MEJOR COLORISTA<\/p><\/div><\/div>\t\t\t\t<\/div>\n\t\t\t\t<\/div>\n\t\t\t\t<div class=\"elementor-element elementor-element-11d76dd color-scheme-inherit text-left elementor-widget elementor-widget-text-editor\" data-id=\"11d76dd\" data-element_type=\"widget\" data-e-type=\"widget\" data-widget_type=\"text-editor.default\">\n\t\t\t\t<div class=\"elementor-widget-container\">\n\t\t\t\t\t\t\t\t\t<p><em><strong>Por Inmuno C\u00f3mics \u2013 Coronavirus<\/strong><\/em><\/p>\n<p>K\u00f3te Carvajal es colorista y guionista de narrativa gr\u00e1fica desde el a\u00f1o 2008. Ha trabajado en diferentes proyectos para USA, Nueva Zelanda y Chile. Entre algunas de sus obras como guionista est\u00e1n: El Cardenal (2018), ganador de la medalla Colibr\u00ed como mejor novela gr\u00e1fica; Coraz\u00f3n Nerd (2016); Juan Valiente (2019) y Pr\u00edncipe YU (2019).<\/p>\t\t\t\t\t\t\t\t<\/div>\n\t\t\t\t<\/div>\n\t\t\t\t<\/div>\n\t\t\t\t\t<\/div>\n\t\t\t\t<\/div>\n\t\t<div class=\"elementor-element elementor-element-5e129c4 e-flex e-con-boxed wd-section-disabled e-con e-parent\" data-id=\"5e129c4\" data-element_type=\"container\" data-e-type=\"container\">\n\t\t\t\t\t<div class=\"e-con-inner\">\n\t\t<div class=\"elementor-element elementor-element-f2a5838 e-con-full e-flex wd-section-disabled e-con e-child\" data-id=\"f2a5838\" data-element_type=\"container\" data-e-type=\"container\">\n\t\t\t\t<div class=\"elementor-element elementor-element-f9432b1 elementor-position-left elementor-vertical-align-middle elementor-widget elementor-widget-image-box\" data-id=\"f9432b1\" data-element_type=\"widget\" data-e-type=\"widget\" data-widget_type=\"image-box.default\">\n\t\t\t\t<div class=\"elementor-widget-container\">\n\t\t\t\t\t<div class=\"elementor-image-box-wrapper\"><figure class=\"elementor-image-box-img\"><img loading=\"lazy\" decoding=\"async\" width=\"150\" height=\"150\" src=\"https:\/\/huvuz.com\/historieta\/wp-content\/uploads\/2025\/01\/mejor-entintadora-150x150.jpg\" class=\"attachment-thumbnail size-thumbnail wp-image-16185\" alt=\"\" srcset=\"https:\/\/huvuz.com\/historieta\/wp-content\/uploads\/2025\/01\/mejor-entintadora-150x150.jpg 150w, https:\/\/huvuz.com\/historieta\/wp-content\/uploads\/2025\/01\/mejor-entintadora-300x300.jpg 300w, https:\/\/huvuz.com\/historieta\/wp-content\/uploads\/2025\/01\/mejor-entintadora-500x500.jpg 500w\" sizes=\"(max-width: 150px) 100vw, 150px\" \/><\/figure><div class=\"elementor-image-box-content\"><h3 class=\"elementor-image-box-title\">Yaritza Aguilera<\/h3><p class=\"elementor-image-box-description\">MEJOR ENTINTADORA<\/p><\/div><\/div>\t\t\t\t<\/div>\n\t\t\t\t<\/div>\n\t\t\t\t<div class=\"elementor-element elementor-element-8ddee48 color-scheme-inherit text-left elementor-widget elementor-widget-text-editor\" data-id=\"8ddee48\" data-element_type=\"widget\" data-e-type=\"widget\" data-widget_type=\"text-editor.default\">\n\t\t\t\t<div class=\"elementor-widget-container\">\n\t\t\t\t\t\t\t\t\t<p><em><strong>Por Acid Rain: Enless<\/strong><\/em><\/p><p>Yaritza Aguilera, vive en la ciudad de Los \u00c1ngeles. Desde muy peque\u00f1a descubri\u00f3 que me gustaba el arte, pintar, hacer figuras de plastilina, los colores, texturas, confeccionar ropa, pero especialmente, dibujar, por lo que desde temprana edad comenz\u00f3 a participar en diversos concursos extranjeros y posteriormente fue ingresando al mundo del c\u00f3mic nacional, iniciando con Coraz\u00f3n nerd, luego Kudryavka y ahora a trav\u00e9s de Pezarb\u00f3reo Ediciones creando Acid Rain , la que es hasta ahora su obra m\u00e1s personal.<\/p>\t\t\t\t\t\t\t\t<\/div>\n\t\t\t\t<\/div>\n\t\t\t\t<\/div>\n\t\t<div class=\"elementor-element elementor-element-af308a4 e-con-full e-flex wd-section-disabled e-con e-child\" data-id=\"af308a4\" data-element_type=\"container\" data-e-type=\"container\">\n\t\t\t\t<div class=\"elementor-element elementor-element-1290c26 elementor-position-left elementor-vertical-align-middle elementor-widget elementor-widget-image-box\" data-id=\"1290c26\" data-element_type=\"widget\" data-e-type=\"widget\" data-widget_type=\"image-box.default\">\n\t\t\t\t<div class=\"elementor-widget-container\">\n\t\t\t\t\t<div class=\"elementor-image-box-wrapper\"><figure class=\"elementor-image-box-img\"><img loading=\"lazy\" decoding=\"async\" width=\"150\" height=\"150\" src=\"https:\/\/huvuz.com\/historieta\/wp-content\/uploads\/2025\/01\/premios-2020-mejor-rotulista-150x150.jpg\" class=\"attachment-thumbnail size-thumbnail wp-image-16186\" alt=\"\" srcset=\"https:\/\/huvuz.com\/historieta\/wp-content\/uploads\/2025\/01\/premios-2020-mejor-rotulista-150x150.jpg 150w, https:\/\/huvuz.com\/historieta\/wp-content\/uploads\/2025\/01\/premios-2020-mejor-rotulista.jpg 200w\" sizes=\"(max-width: 150px) 100vw, 150px\" \/><\/figure><div class=\"elementor-image-box-content\"><h3 class=\"elementor-image-box-title\">Cristian Docolomansky<\/h3><p class=\"elementor-image-box-description\">MEJOR ROTULISTA<\/p><\/div><\/div>\t\t\t\t<\/div>\n\t\t\t\t<\/div>\n\t\t\t\t<div class=\"elementor-element elementor-element-3cba3c2 color-scheme-inherit text-left elementor-widget elementor-widget-text-editor\" data-id=\"3cba3c2\" data-element_type=\"widget\" data-e-type=\"widget\" data-widget_type=\"text-editor.default\">\n\t\t\t\t<div class=\"elementor-widget-container\">\n\t\t\t\t\t\t\t\t\t<p><em><strong>Por Inmuno C\u00f3mics \u2013 Coronavirus<\/strong><\/em><\/p>\n<p>Cristian Docolomansky (entintador &#8211; Rotulista)- Cristian naci\u00f3 en Barcelona en 1977, aunque vive en Santiago de Chile desde 1995. Actualmente trabaja como ilustrador, entintador, rotulista y dise\u00f1ador para varias editoriales de c\u00f3mic de Estados Unidos, Nueva Zelanda, Inglaterra y Espa\u00f1a, incluyendo, Heavy Metal Magazine, Scout Comics, Advent Comics, Mythopoeia, Blue Roo Comics, Crow Hill Comics Arcano IV and Ariete Producciones entre otras. Adem\u00e1s es profesor de taller de c\u00f3mic para ni\u00f1os y autor completo de su obra In.jvsticia publicada por la editorial chilena Ariete Producciones.<\/p>\t\t\t\t\t\t\t\t<\/div>\n\t\t\t\t<\/div>\n\t\t\t\t<\/div>\n\t\t\t\t\t<\/div>\n\t\t\t\t<\/div>\n\t\t<div class=\"elementor-element elementor-element-725c311 e-flex e-con-boxed wd-section-disabled e-con e-parent\" data-id=\"725c311\" data-element_type=\"container\" data-e-type=\"container\">\n\t\t\t\t\t<div class=\"e-con-inner\">\n\t\t<div class=\"elementor-element elementor-element-56a025c e-con-full e-flex wd-section-disabled e-con e-child\" data-id=\"56a025c\" data-element_type=\"container\" data-e-type=\"container\">\n\t\t\t\t<div class=\"elementor-element elementor-element-48d31cb elementor-position-left elementor-vertical-align-middle elementor-widget elementor-widget-image-box\" data-id=\"48d31cb\" data-element_type=\"widget\" data-e-type=\"widget\" data-widget_type=\"image-box.default\">\n\t\t\t\t<div class=\"elementor-widget-container\">\n\t\t\t\t\t<div class=\"elementor-image-box-wrapper\"><figure class=\"elementor-image-box-img\"><img loading=\"lazy\" decoding=\"async\" width=\"150\" height=\"150\" src=\"https:\/\/huvuz.com\/historieta\/wp-content\/uploads\/2025\/01\/Mejor-Webcomic-150x150.jpg\" class=\"attachment-thumbnail size-thumbnail wp-image-16187\" alt=\"\" srcset=\"https:\/\/huvuz.com\/historieta\/wp-content\/uploads\/2025\/01\/Mejor-Webcomic-150x150.jpg 150w, https:\/\/huvuz.com\/historieta\/wp-content\/uploads\/2025\/01\/Mejor-Webcomic-300x300.jpg 300w, https:\/\/huvuz.com\/historieta\/wp-content\/uploads\/2025\/01\/Mejor-Webcomic-500x500.jpg 500w\" sizes=\"(max-width: 150px) 100vw, 150px\" \/><\/figure><div class=\"elementor-image-box-content\"><h3 class=\"elementor-image-box-title\">Arcagen<\/h3><p class=\"elementor-image-box-description\">MEJOR  WEBCOMIC<\/p><\/div><\/div>\t\t\t\t<\/div>\n\t\t\t\t<\/div>\n\t\t\t\t<div class=\"elementor-element elementor-element-2019742 color-scheme-inherit text-left elementor-widget elementor-widget-text-editor\" data-id=\"2019742\" data-element_type=\"widget\" data-e-type=\"widget\" data-widget_type=\"text-editor.default\">\n\t\t\t\t<div class=\"elementor-widget-container\">\n\t\t\t\t\t\t\t\t\t<p><strong><em>Por Diego &#8220;Novanim&#8221; Z\u00fa\u00f1iga.<\/em><\/strong><\/p>\n<p>ARCAGEN: Paloma es una ni\u00f1a que busca a su madre separada, en una ciudad donde todos los adultos se han quedado dormidos. Para alcanzar su objetivo, unir\u00e1 fuerzas con Lechuza, un ni\u00f1o nacido de una flor, y Zorzal, un ciber-soldado abandonado. Juntos, viajar\u00e1n al Coraz\u00f3n de la Ciudad, para recuperar lo que alguna vez se perdi\u00f3.<\/p>\n<p>TAPAS: <a href=\"https:\/\/tapas.io\/series\/Arcagen\/info\">https:\/\/tapas.io\/series\/Arcagen\/info<\/a><\/p>\n<p>WEBTOON: <a href=\"https:\/\/www.webtoons.com\/en\/challenge\/arcagen\/list?title_no=433045&amp;page=1\">https:\/\/www.webtoons.com\/en\/challenge\/arcagen<\/a><\/p>\t\t\t\t\t\t\t\t<\/div>\n\t\t\t\t<\/div>\n\t\t\t\t<\/div>\n\t\t<div class=\"elementor-element elementor-element-c994fc3 e-con-full e-flex wd-section-disabled e-con e-child\" data-id=\"c994fc3\" data-element_type=\"container\" data-e-type=\"container\">\n\t\t\t\t<div class=\"elementor-element elementor-element-2f328e3 elementor-position-left elementor-vertical-align-middle elementor-widget elementor-widget-image-box\" data-id=\"2f328e3\" data-element_type=\"widget\" data-e-type=\"widget\" data-widget_type=\"image-box.default\">\n\t\t\t\t<div class=\"elementor-widget-container\">\n\t\t\t\t\t<div class=\"elementor-image-box-wrapper\"><figure class=\"elementor-image-box-img\"><img loading=\"lazy\" decoding=\"async\" width=\"150\" height=\"150\" src=\"https:\/\/huvuz.com\/historieta\/wp-content\/uploads\/2025\/01\/mejor-fanzine-150x150.jpg\" class=\"attachment-thumbnail size-thumbnail wp-image-16188\" alt=\"\" srcset=\"https:\/\/huvuz.com\/historieta\/wp-content\/uploads\/2025\/01\/mejor-fanzine-150x150.jpg 150w, https:\/\/huvuz.com\/historieta\/wp-content\/uploads\/2025\/01\/mejor-fanzine-300x300.jpg 300w, https:\/\/huvuz.com\/historieta\/wp-content\/uploads\/2025\/01\/mejor-fanzine-500x500.jpg 500w\" sizes=\"(max-width: 150px) 100vw, 150px\" \/><\/figure><div class=\"elementor-image-box-content\"><h3 class=\"elementor-image-box-title\">Laurel de Oro<\/h3><p class=\"elementor-image-box-description\">MEJOR FANZINE<\/p><\/div><\/div>\t\t\t\t<\/div>\n\t\t\t\t<\/div>\n\t\t\t\t<div class=\"elementor-element elementor-element-78c6b3f color-scheme-inherit text-left elementor-widget elementor-widget-text-editor\" data-id=\"78c6b3f\" data-element_type=\"widget\" data-e-type=\"widget\" data-widget_type=\"text-editor.default\">\n\t\t\t\t<div class=\"elementor-widget-container\">\n\t\t\t\t\t\t\t\t\t<p><em><strong>Por Saraly Guti\u00e9rrez.<\/strong><\/em><\/p>\n<p>Laurel De Oro es la historia de Carmen, una chica so\u00f1adora, idealista y muy alegre que recupera su gran pasi\u00f3n por la cueca a medida que cursa sus estudios secundarios. En La Jardinera, se muestra m\u00e1s del pasado e historia personal de Cynthia, una de las antagonistas y con quien Carmen comienza teniendo una rivalidad muy fuerte debido a El\u00edas, otro de los protagonistas de esta historia. En la Jardinera, se puede descubrir m\u00e1s de lo que el amor (y el desamor) puede causar en alguien, evocando a la m\u00fasica de Violeta Parra.<\/p>\t\t\t\t\t\t\t\t<\/div>\n\t\t\t\t<\/div>\n\t\t\t\t<\/div>\n\t\t\t\t\t<\/div>\n\t\t\t\t<\/div>\n\t\t<div class=\"elementor-element elementor-element-59741c9 e-grid e-con-boxed wd-section-disabled e-con e-parent\" data-id=\"59741c9\" data-element_type=\"container\" data-e-type=\"container\">\n\t\t\t\t\t<div class=\"e-con-inner\">\n\t\t\t\t\t<\/div>\n\t\t\t\t<\/div>\n\t\t\t\t<\/div>\n\t\t","protected":false},"excerpt":{"rendered":"<p>Caf\u00e9 Amargo 5 MEJOR HISTORIETA Caf\u00e9 Amargo 5: &#8220;El final&#8221;\u00a0Por P\u00eda Prado\u00a0Bley &#8220;El final de Caf\u00e9\u00a0Amargo. Tomo que concluye la<\/p>\n","protected":false},"author":1,"featured_media":16289,"comment_status":"open","ping_status":"open","sticky":false,"template":"","format":"standard","meta":{"footnotes":""},"categories":[168],"tags":[],"class_list":["post-16152","post","type-post","status-publish","format-standard","has-post-thumbnail","hentry","category-ganadores"],"_links":{"self":[{"href":"https:\/\/huvuz.com\/historieta\/wp-json\/wp\/v2\/posts\/16152","targetHints":{"allow":["GET"]}}],"collection":[{"href":"https:\/\/huvuz.com\/historieta\/wp-json\/wp\/v2\/posts"}],"about":[{"href":"https:\/\/huvuz.com\/historieta\/wp-json\/wp\/v2\/types\/post"}],"author":[{"embeddable":true,"href":"https:\/\/huvuz.com\/historieta\/wp-json\/wp\/v2\/users\/1"}],"replies":[{"embeddable":true,"href":"https:\/\/huvuz.com\/historieta\/wp-json\/wp\/v2\/comments?post=16152"}],"version-history":[{"count":4,"href":"https:\/\/huvuz.com\/historieta\/wp-json\/wp\/v2\/posts\/16152\/revisions"}],"predecessor-version":[{"id":16191,"href":"https:\/\/huvuz.com\/historieta\/wp-json\/wp\/v2\/posts\/16152\/revisions\/16191"}],"wp:featuredmedia":[{"embeddable":true,"href":"https:\/\/huvuz.com\/historieta\/wp-json\/wp\/v2\/media\/16289"}],"wp:attachment":[{"href":"https:\/\/huvuz.com\/historieta\/wp-json\/wp\/v2\/media?parent=16152"}],"wp:term":[{"taxonomy":"category","embeddable":true,"href":"https:\/\/huvuz.com\/historieta\/wp-json\/wp\/v2\/categories?post=16152"},{"taxonomy":"post_tag","embeddable":true,"href":"https:\/\/huvuz.com\/historieta\/wp-json\/wp\/v2\/tags?post=16152"}],"curies":[{"name":"wp","href":"https:\/\/api.w.org\/{rel}","templated":true}]}}